[{"id":2703,"user_id":6,"slug":"porto-rico-une-nation-prisonniere-de-son-statut-colonial","title":"Porto Rico, une nation prisonni\u00e8re de son statut colonial","subtitle":null,"lead":null,"content":"<p style=\"line-height: 1.5;\"><span style=\"font-size: 18pt;\"><strong>Malgr\u00e9 plus d\u2019un si\u00e8cle de domination am\u00e9ricaine, l\u2019identit\u00e9 portoricaine reste profond\u00e9ment vivante et enracin\u00e9e. Portrait d\u2019une \u00eele qui voit d\u00e9cliner sa population et son autonomie.<\/strong><\/span><\/p>\r\n<p style=\"line-height: 1.5;\">\u00a0<\/p>\r\n<p style=\"line-height: 1.5;\"><span style=\"font-size: 14pt;\">Porto Rico appartient aux \u00c9tats-Unis depuis 1898, sans pour autant s\u2019\u00eatre fondu dans la nation am\u00e9ricaine ni avoir adopt\u00e9 son <em>way of life.\u00a0<\/em><\/span><\/p>\r\n<p style=\"line-height: 1.5;\">\u00a0<\/p>\r\n<p style=\"line-height: 1.5;\"><span style=\"font-size: 14pt;\">Plus d\u2019un si\u00e8cle apr\u00e8s l\u2019invasion de l\u2019\u00eele carib\u00e9enne par les <em>gringos, <\/em>dans le cadre de <a href=\"https:\/\/fr.wikipedia.org\/wiki\/Guerre_hispano-am%C3%A9ricaine\">la guerre hispano-am\u00e9ricaine<\/a>, les Portoricains continuent de parler espagnol, de c\u00e9l\u00e9brer leur culture et de se repr\u00e9senter comme un peuple distinct.\u00a0<\/span><\/p>\r\n<p style=\"line-height: 1.5;\">\u00a0<\/p>\r\n<p style=\"line-height: 1.3; text-align: center;\"><span style=\"font-size: 14pt;\"><img decoding=\"async\" src=\"https:\/\/lm-articles.nyc3.cdn.digitaloceanspaces.com\/content\/uploads\/2026\/09\/6c5845ed-c5f0-40b3-bca2-dc5025900e12.webp\" alt=\"\" width=\"1588\" height=\"1170\" loading=\"lazy\"><\/span><em>Carte des Antilles lors de la guerre hispano-am\u00e9ricaine de 1898.<\/em><\/p>\r\n<p style=\"line-height: 1.5;\">\u00a0<\/p>\r\n<p style=\"line-height: 1.5;\">\u00a0<\/p>\r\n<p style=\"line-height: 1.5;\"><span style=\"font-size: 14pt;\">La t\u00e9nacit\u00e9 de l\u2019identit\u00e9 portoricaine ne se traduit toutefois pas encore par un appui majoritaire \u00e0 l\u2019ind\u00e9pendance. C\u2019est le paradoxe d\u00e9crit par Jos\u00e9 Javier Col\u00f3n Morera, professeur de science politique \u00e0 l\u2019Universit\u00e9 de Porto Rico, \u00e0 R\u00edo Piedras. Selon lui, il faut distinguer le <em>\u00abnationalisme culturel\u00bb<\/em>, presque g\u00e9n\u00e9ralis\u00e9, du <em>\u00abnationalisme politique\u00bb<\/em>, encore minoritaire malgr\u00e9 sa progression r\u00e9cente.<\/span><\/p>\r\n<p style=\"line-height: 1.5;\">\u00a0<\/p>\r\n<p style=\"line-height: 1.5;\"><span style=\"font-size: 18pt;\"><strong>Une nation bien vivante<\/strong><\/span><\/p>\r\n<p style=\"line-height: 1.5;\">\u00a0<\/p>\r\n<p style=\"line-height: 1.5;\"><span style=\"font-size: 14pt;\">Dans les comp\u00e9titions internationales, les habitants soutiennent leurs propres repr\u00e9sentants plut\u00f4t que ceux des \u00c9tats-Unis. La victoire de l\u2019\u00e9quipe portoricaine de basketball contre les Am\u00e9ricains aux Jeux olympiques d\u2019Ath\u00e8nes, en 2004, reste d\u2019ailleurs profond\u00e9ment ancr\u00e9e dans la m\u00e9moire collective.<\/span><\/p>\r\n<p style=\"line-height: 1.5;\">\u00a0<\/p>\r\n<p style=\"line-height: 1.5;\"><span style=\"font-size: 14pt;\">Cette identit\u00e9 traverse \u00e9galement la gastronomie, les f\u00eates populaires et la musique. La <em>plena <\/em>et la <em>bomba,<\/em> deux genres musicaux afro-portoricains, en constituent des expressions embl\u00e9matiques. <\/span><span style=\"font-size: 14pt;\"><em>\u00abCette culture plonge ses racines dans la r\u00e9bellion des esclaves amen\u00e9s dans les Cara\u00efbes, qui ont d\u00e9velopp\u00e9 leurs propres danses, religions et moyens de r\u00e9sistance\u00bb, <\/em>explique Jos\u00e9 Javier Col\u00f3n Morera.<\/span><\/p>\r\n<p style=\"line-height: 1.5;\">\u00a0<\/p>\r\n<p style=\"line-height: 1.5;\"><span style=\"font-size: 18pt;\"><strong>Chass\u00e9s de leur propre \u00eele<\/strong><\/span><\/p>\r\n<p style=\"line-height: 1.5;\">\u00a0<\/p>\r\n<p style=\"line-height: 1.5;\"><span style=\"font-size: 14pt;\">Le succ\u00e8s retentissant de Bad Bunny participe \u00e9galement \u00e0 cette r\u00e9silience identitaire. Dans plusieurs chansons, notamment<em> <a href=\"https:\/\/www.youtube.com\/watch?v=QdQEljUMCEM\">El Apag\u00f3n<\/a><\/em> et <em><a href=\"https:\/\/www.youtube.com\/watch?v=VewDwbOzk0Y\">Lo que le pas\u00f3 a Hawaii<\/a>,<\/em> le chanteur d\u00e9nonce la sp\u00e9culation immobili\u00e8re, la gentrification et les avantages fiscaux attirant de riches Am\u00e9ricains.<\/span><\/p>\r\n<p style=\"line-height: 1.5;\">\u00a0<\/p>\r\n<p style=\"line-height: 1.5;\"><span style=\"font-size: 14pt;\">L\u2019artiste a m\u00eame port\u00e9 ce message sur la sc\u00e8ne du Super Bowl, en f\u00e9vrier 2026, o\u00f9 sa prestation a largement c\u00e9l\u00e9br\u00e9 l\u2019identit\u00e9 portoricaine et mis en sc\u00e8ne les bouleversements v\u00e9cus par l\u2019\u00eele.\u00a0<\/span><\/p>\r\n<p style=\"line-height: 1.5;\">\u00a0<\/p>\r\n<p style=\"line-height: 1.3; text-align: center;\"><span style=\"font-size: 14pt;\"><img decoding=\"async\" src=\"https:\/\/lm-articles.nyc3.cdn.digitaloceanspaces.com\/content\/uploads\/2026\/09\/e70000f3-314a-4a58-a61e-0b9904861430.webp\" alt=\"\" width=\"1200\" height=\"800\" loading=\"lazy\"><\/span><em>Bad Bunny se produit au stade Hiram-Bithorn, \u00e0 San Juan, lors du spectacle final de sa tourn\u00e9e DeB\u00cd TiRAR M\u00e1S FOToS, le 23 ao\u00fbt 2026. Photo: Gladys VEGA pour l\u2019AFP.<\/em><\/p>\r\n<p style=\"line-height: 1.5;\">\u00a0<\/p>\r\n<p style=\"line-height: 1.5;\">\u00a0<\/p>\r\n<p style=\"line-height: 1.5;\"><span style=\"font-size: 14pt;\">En r\u00e9sidant \u00e0 Porto Rico au moins la moiti\u00e9 de l\u2019ann\u00e9e, certains contribuables fortun\u00e9s peuvent r\u00e9duire consid\u00e9rablement leur facture fiscale f\u00e9d\u00e9rale.\u00a0<\/span><\/p>\r\n<p style=\"line-height: 1.5;\">\u00a0<\/p>\r\n<p style=\"line-height: 1.5;\"><span style=\"font-size: 14pt;\"><em>\u00abUne nouvelle vague d\u2019Am\u00e9ricains est arriv\u00e9e pour profiter de ces avantages fiscaux. Dans certaines r\u00e9gions, surtout les zones touristiques et c\u00f4ti\u00e8res, cela a fait consid\u00e9rablement augmenter le prix des logements, qui sont de plus en plus utilis\u00e9s comme instruments de sp\u00e9culation\u00bb, <\/em>d\u00e9plore\u00a0le professeur.<\/span><\/p>\r\n<p style=\"line-height: 1.5;\">\u00a0<\/p>\r\n<p style=\"line-height: 1.5; text-align: center;\"><strong><span style=\"font-size: 18pt; font-family: verdana, geneva, sans-serif;\">\u00c0 ce sujet: <a href=\"..\/..\/..\/2026\/06\/23\/a-porto-rico-la-gentrification-nourrit-un-sentiment-de-depossession\">\u00c0 Porto Rico, \u00abla gentrification nourrit un sentiment de d\u00e9possession\u00bb<\/a><\/span><\/strong><\/p>\r\n<p style=\"line-height: 1.5;\">\u00a0<\/p>\r\n<p style=\"line-height: 1.5;\"><span style=\"font-size: 14pt;\">Le ph\u00e9nom\u00e8ne nourrit chez les Portoricains l\u2019impression d\u2019\u00eatre progressivement expuls\u00e9s de chez eux \u2013 <a href=\"..\/..\/..\/2026\/06\/23\/a-porto-rico-la-gentrification-nourrit-un-sentiment-de-depossession\">un sentiment de d\u00e9possession<\/a>.\u00a0<\/span><\/p>\r\n<p style=\"line-height: 1.5;\">\u00a0<\/p>\r\n<p style=\"line-height: 1.5;\"><span style=\"font-size: 14pt;\">Porto Rico traverse une grave crise d\u00e9mographique, <a href=\"..\/..\/..\/..\/2026\/06\/23\/a-porto-rico-la-gentrification-nourrit-un-sentiment-de-depossession\">aggrav\u00e9e par l\u2019ouragan Maria de 2017<\/a>, qui a provoqu\u00e9 une importante vague de d\u00e9parts. Le contraste est frappant: l\u2019\u00eele perd massivement ses habitants tout en attirant de nouveaux r\u00e9sidents am\u00e9ricains, dont le nombre demeure malgr\u00e9 tout insuffisant pour combler le d\u00e9ficit d\u00e9mographique.<\/span><\/p>\r\n<p style=\"line-height: 1.5;\">\u00a0<\/p>\r\n<p style=\"line-height: 1.5;\"><span style=\"font-size: 14pt;\">Depuis le d\u00e9but du si\u00e8cle, l\u2019\u00eele a perdu plus de 600 000 habitants: sa population est pass\u00e9e d\u2019environ 3,8 millions en 2000 \u00e0 moins de\u00a0<a href=\"https:\/\/www.census.gov\/quickfacts\/fact\/table\/PR\/PST045225\">3,2 millions en 2025. <\/a><em>\u00abIl s\u2019agit de l\u2019une des pertes d\u00e9mographiques les plus importantes du continent am\u00e9ricain en proportion de la population\u00bb,<\/em> souligne le politologue.<\/span><\/p>\r\n<p style=\"line-height: 1.5;\">\u00a0<\/p>\r\n<p style=\"line-height: 1.5;\"><span style=\"font-size: 18pt;\"><strong>L\u2019ind\u00e9pendance progresse<\/strong><\/span><\/p>\r\n<p style=\"line-height: 1.5;\">\u00a0<\/p>\r\n<p style=\"line-height: 1.5;\"><span style=\"font-size: 14pt;\">Sur le plan politique, le mouvement ind\u00e9pendantiste demeure minoritaire, mais il progresse. Lors du pl\u00e9biscite de 2024 \u2013 un r\u00e9f\u00e9rendum consultatif sur le statut politique de l\u2019\u00eele \u2013, 58,6 % des suffrages valides ont favoris\u00e9 l\u2019int\u00e9gration de Porto Rico comme \u00c9tat am\u00e9ricain, contre 29,6% pour la souverainet\u00e9 en \u00ablibre association\u00bb, et 11,8 % pour l\u2019ind\u00e9pendance compl\u00e8te.<\/span><\/p>\r\n<p style=\"line-height: 1.5;\">\u00a0<\/p>\r\n<p style=\"line-height: 1.5;\"><span style=\"font-size: 14pt;\"><em>\u00a0\u00abSi l\u2019on additionne l\u2019ind\u00e9pendance et la libre association, qui sont deux formes de souverainet\u00e9 politique, on arrive assez pr\u00e8s du nombre de voix obtenu par les partisans de l\u2019estadidad, soit l\u2019admission de Porto Rico comme \u00c9tat am\u00e9ricain\u00bb,<\/em> fait valoir Jos\u00e9 Javier Col\u00f3n Morera.<\/span><\/p>\r\n<p style=\"line-height: 1.5;\">\u00a0<\/p>\r\n<p style=\"line-height: 1.5;\"><span style=\"font-size: 14pt;\"><em>\u00abIl y a eu une augmentation assez importante du vote en faveur de l\u2019ind\u00e9pendance. Il s\u2019agit de son r\u00e9sultat le plus \u00e9lev\u00e9 depuis plusieurs d\u00e9cennies. On pourrait donc parler d\u2019un mouvement en progression\u00bb,<\/em> ajoute notre invit\u00e9.<\/span><\/p>\r\n<p style=\"line-height: 1.5;\">\u00a0<\/p>\r\n<p style=\"line-height: 1.5;\"><span style=\"font-size: 14pt;\">Il invite n\u00e9anmoins \u00e0 interpr\u00e9ter ces chiffres avec prudence. Organis\u00e9 en m\u00eame temps que les \u00e9lections g\u00e9n\u00e9rales, le pl\u00e9biscite aurait surtout servi \u00e0 mobiliser l\u2019\u00e9lectorat du Nouveau Parti progressiste, favorable \u00e0 l\u2019int\u00e9gration de Porto Rico aux \u00c9tats-Unis.\u00a0<\/span><\/p>\r\n<p style=\"line-height: 1.5;\">\u00a0<\/p>\r\n<p style=\"line-height: 1.5;\"><span style=\"font-size: 14pt;\"><em>\u00abSi je vous disais qu\u2019il s\u2019agissait d\u2019une consultation au cours de laquelle les avantages et inconv\u00e9nients de chaque option ont \u00e9t\u00e9 \u00e9tudi\u00e9s en profondeur, de mani\u00e8re claire et avec une v\u00e9ritable campagne d\u2019information, je vous mentirais\u00bb,<\/em> tranche le professeur.<\/span><\/p>\r\n<p style=\"line-height: 1.5;\">\u00a0<\/p>\r\n<p style=\"line-height: 1.5;\"><span style=\"font-size: 18pt;\"><strong>Washington ferme la porte \u00e0 cl\u00e9<\/strong><\/span><\/p>\r\n<p style=\"line-height: 1.5;\">\u00a0<\/p>\r\n<p style=\"line-height: 1.5;\"><span style=\"font-size: 14pt;\">Le vote n\u2019engageait d\u2019ailleurs aucunement Washington. \u00ab<em>Ce pl\u00e9biscite n\u2019impose absolument aucune obligation au Congr\u00e8s. En r\u00e9alit\u00e9, le Congr\u00e8s am\u00e9ricain a compl\u00e8tement ignor\u00e9 ses r\u00e9sultats: il n\u2019y a m\u00eame pas eu d\u2019audiences publiques \u00e0 ce sujet\u00bb, <\/em>constate Jos\u00e9 Javier Col\u00f3n Morera.<\/span><\/p>\r\n<p style=\"line-height: 1.5;\">\u00a0<\/p>\r\n<p style=\"line-height: 1.5;\"><span style=\"font-size: 14pt;\">Le retour de Donald Trump \u00e0 la Maison-Blanche a encore \u00e9loign\u00e9 la perspective d\u2019une admission \u00e0 part enti\u00e8re de Porto Rico comme \u00c9tat am\u00e9ricain. Plusieurs dirigeants r\u00e9publicains consid\u00e8rent en effet l\u2019<em>estadidad <\/em>comme une strat\u00e9gie d\u00e9mocrate visant \u00e0 faire entrer au Congr\u00e8s de nouveaux \u00e9lus progressistes.<\/span><\/p>\r\n<p style=\"line-height: 1.5;\">\u00a0<\/p>\r\n<p style=\"line-height: 1.5;\"><span style=\"font-size: 14pt;\"><em>\u00abLe Parti r\u00e9publicain a progressivement durci sa position. \u00c0 l\u2019heure actuelle, il n\u2019existe aucun mouvement sur la question du statut\u00bb,<\/em> r\u00e9sume l'universitaire.<br><br><\/span><\/p>\r\n<p style=\"line-height: 1.5;\"><span style=\"font-size: 14pt;\">Dans l\u2019\u00eele, l\u2019\u00e9mergence du Parti ind\u00e9pendantiste portoricain (PIP) bouscule n\u00e9anmoins le bipartisme traditionnel. \u00c0 l\u2019\u00e9lection de 2024, son candidat Juan Dalmau, soutenu par une alliance avec le Mouvement de la victoire citoyenne, a termin\u00e9 deuxi\u00e8me devant le candidat du Parti populaire d\u00e9mocratique. Une premi\u00e8re depuis l\u2019\u00e9tablissement du bipartisme moderne en 1948.<\/span><\/p>\r\n<p style=\"line-height: 1.5;\">\u00a0<\/p>\r\n<p style=\"line-height: 1.3; text-align: center;\"><span style=\"font-size: 14pt;\"><img decoding=\"async\" src=\"https:\/\/lm-articles.nyc3.cdn.digitaloceanspaces.com\/content\/uploads\/2026\/09\/5d5fda89-96d6-4eca-a9ed-8288cff6eb2c.webp\" alt=\"\" width=\"1850\" height=\"1200\" loading=\"lazy\"><\/span><em>Juan Dalmau, candidat du Parti ind\u00e9pendantiste portoricain \u00e0 l\u2019\u00e9lection au poste de gouverneur, r\u00e9agit aux r\u00e9sultats du scrutin \u00e0 San Juan, le 5 novembre 2024. Photo: Jaydee LEE SERANO pour l\u2019AFP.<\/em><br><br><\/p>\r\n<p style=\"line-height: 1.5;\">\u00a0<\/p>\r\n<p style=\"line-height: 1.5;\"><span style=\"font-size: 14pt;\"><br>Dalmau a \u00e9galement s\u00e9duit au-del\u00e0 des seuls ind\u00e9pendantistes en d\u00e9non\u00e7ant la corruption, en proposant un nouveau mod\u00e8le de d\u00e9veloppement \u00e9conomique et en appelant \u00e0 une r\u00e9forme des institutions. Sa perc\u00e9e montre ainsi que l\u2019ind\u00e9pendantisme n\u2019est plus confin\u00e9 aux marges de la vie politique.<\/span><\/p>\r\n<p style=\"line-height: 1.5;\">\u00a0<\/p>\r\n<p style=\"line-height: 1.5;\"><span style=\"font-size: 18pt;\"><strong>Une autonomie r\u00e9duite au minimum<\/strong><\/span><\/p>\r\n<p style=\"line-height: 1.5;\">\u00a0<\/p>\r\n<p style=\"line-height: 1.5;\"><span style=\"font-size: 14pt;\">La marge de man\u0153uvre de Porto Rico demeure \u00e9troite. Adopt\u00e9e par le Congr\u00e8s am\u00e9ricain en 2016 apr\u00e8s la crise de la dette, la loi PROMESA a cr\u00e9\u00e9 un m\u00e9canisme de restructuration des dettes de l\u2019\u00eele et plac\u00e9 ses finances sous la surveillance d\u2019une commission f\u00e9d\u00e9rale dot\u00e9e de vastes pouvoirs budg\u00e9taires.<\/span><\/p>\r\n<p style=\"line-height: 1.5;\">\u00a0<\/p>\r\n<p style=\"line-height: 1.5; text-align: center;\"><strong><span style=\"font-size: 18pt; font-family: verdana, geneva, sans-serif;\">\u00c0 lire aussi: <a href=\"..\/..\/..\/2025\/08\/17\/pourquoi-les-etats-unis-deploient-ils-des-troupes-dans-les-caraibes?utm_source=chatgpt.com\">Pourquoi les \u00c9tats-Unis d\u00e9ploient-ils des troupes dans les Cara\u00efbes?<\/a><\/span><\/strong><\/p>\r\n<p style=\"line-height: 1.5;\">\u00a0<\/p>\r\n<p style=\"line-height: 1.5;\"><span style=\"font-size: 14pt;\"><em>\u00abPorto Rico est maintenant r\u00e9gi par une commission de contr\u00f4le fiscal nomm\u00e9e par le gouvernement f\u00e9d\u00e9ral. C\u2019est elle qui contr\u00f4le tout ce qui concerne le budget de Porto Rico\u00bb<\/em>, explique Jos\u00e9 Javier Col\u00f3n Morera.<\/span><\/p>\r\n<p style=\"line-height: 1.5;\">\u00a0<\/p>\r\n<p style=\"line-height: 1.5;\"><span style=\"font-size: 14pt;\">Pour le professeur, cette tutelle a vid\u00e9 de sa substance le compromis politique adopt\u00e9 au milieu du XXe si\u00e8cle. <em>\u00abL\u2019autonomie politique reconnue par les \u00c9tats-Unis en 1952, avec la cr\u00e9ation de l\u2019\u00c9tat libre associ\u00e9, a \u00e9t\u00e9 r\u00e9duite au minimum\u00bb<\/em>, d\u00e9plore-t-il.\u00a0<\/span><\/p>\r\n<p style=\"line-height: 1.5;\">\u00a0<\/p>\r\n<p style=\"line-height: 1.5;\"><span style=\"font-size: 18pt;\"><strong>Une r\u00e9sistance \u00abpar le bas\u00bb<\/strong><\/span><\/p>\r\n<p style=\"line-height: 1.5;\">\u00a0<\/p>\r\n<p style=\"line-height: 1.5;\"><span style=\"font-size: 14pt;\">Malgr\u00e9 cette d\u00e9pendance, les tentatives d\u2019assimilation culturelle ont largement \u00e9chou\u00e9. Apr\u00e8s l\u2019invasion am\u00e9ricaine de 1898, les autorit\u00e9s avaient impos\u00e9 l\u2019anglais dans les \u00e9coles. Une puissante mobilisation populaire a cependant permis de pr\u00e9server l\u2019espagnol comme principale langue d\u2019enseignement et de la vie quotidienne.<\/span><\/p>\r\n<p style=\"line-height: 1.5;\">\u00a0<\/p>\r\n<p style=\"line-height: 1.5;\"><em><span style=\"font-size: 14pt;\">\u00abIl y a eu un mouvement social tr\u00e8s fort pour pr\u00e9server l\u2019espagnol comme langue d\u2019enseignement. Il demeure aujourd\u2019hui la langue principale dans les \u00e9coles publiques et celle que la population utilise le plus dans sa vie quotidienne.\u00bb<\/span><\/em><\/p>\r\n<p style=\"line-height: 1.5;\">\u00a0<\/p>\r\n<p style=\"line-height: 1.5;\"><span style=\"font-size: 14pt;\">Cette r\u00e9sistance d\u00e9passe largement les fronti\u00e8res de l\u2019\u00eele. Pr\u00e8s de <a href=\"https:\/\/www.pewresearch.org\/data-labs\/fact-sheet\/us-hispanics-facts-on-puerto-rican-origin-latinos\/?utm_source=chatgpt.com\">six millions de personnes<\/a> d\u2019origine portoricaine vivent aujourd\u2019hui dans les 50 \u00c9tats am\u00e9ricains et \u00e0 Washington, soit presque deux fois plus que les 3,2 millions d\u2019habitants de Porto Rico!<\/span><\/p>\r\n<p style=\"line-height: 1.5;\">\u00a0<\/p>\r\n<p style=\"line-height: 1.5;\"><span style=\"font-size: 14pt;\">Dans cette vaste diaspora, les traditions et les symboles nationaux demeurent tr\u00e8s pr\u00e9sents. <em>\u00abLes plus grands drapeaux portoricains du monde ne se trouvent pas \u00e0 Porto Rico, mais dans le quartier de Humboldt Park, \u00e0 Chicago\u00bb<\/em>, souligne Jos\u00e9 Javier Col\u00f3n Morera.<\/span><\/p>\r\n<p style=\"line-height: 1.5;\">\u00a0<\/p>\r\n<p style=\"line-height: 1.5; text-align: center;\"><strong><span style=\"font-size: 18pt; font-family: verdana, geneva, sans-serif;\">\u00c0 lire aussi: <a href=\"..\/..\/..\/articles\/la-langue-espagnole-une-force-organique-et-decomplexee-1?utm_source=chatgpt.com\">La langue espagnole, une force organique et d\u00e9complex\u00e9e<\/a><\/span><\/strong><\/p>\r\n<p style=\"line-height: 1.5;\">\u00a0<\/p>\r\n<p style=\"line-height: 1.5;\"><span style=\"font-size: 14pt;\">Pour lui, la nation portoricaine s\u2019est maintenue avant tout \u00ab<em>par le bas\u00bb,<\/em> gr\u00e2ce aux classes populaires, aux artistes et aux communaut\u00e9s expatri\u00e9es.<\/span><\/p>\r\n<p style=\"line-height: 1.5;\">\u00a0<\/p>\r\n<p style=\"line-height: 1.5;\"><span style=\"font-size: 14pt;\"><em>\u00abIl s\u2019agit d\u2019une lutte culturelle et identitaire qui, \u00e0 Porto Rico comme dans le reste des Cara\u00efbes, s\u2019est d\u00e9velopp\u00e9e \u00e0 partir des classes populaires. Ce sont elles qui ont insist\u00e9 pour conserver des formes d\u2019expression propres\u00bb,<\/em> conclut-il aupr\u00e8s de <em>Libre M\u00e9dia.<\/em><\/span><\/p>\r\n<p>\u00a0<\/p>","photo_path":"v6qu8ibgcRDbq8NEv3IQgs2v2CmQXiv89gIiYFTc.webp","photo_width":1800,"photo_height":1200,"photo_meta":{"v":1,"width":1800,"height":1200,"variants":[{"key":"variants\/v6qu8ibgcRDbq8NEv3IQgs2v2CmQXiv89gIiYFTc-400.webp","width":400},{"key":"variants\/v6qu8ibgcRDbq8NEv3IQgs2v2CmQXiv89gIiYFTc-800.webp","width":800},{"key":"variants\/v6qu8ibgcRDbq8NEv3IQgs2v2CmQXiv89gIiYFTc-1400.webp","width":1400},{"key":"variants\/v6qu8ibgcRDbq8NEv3IQgs2v2CmQXiv89gIiYFTc-1800.webp","width":1800}]},"photo_subtitle":"Les drapeaux am\u00e9ricain et portoricain devant une prison de Guaynabo, en 2021. Photo: Ricardo ARDUENGO pour l\u2019AFP.","youtube_embed_video_url":null,"thumbnail_path":null,"views_count":108,"exclusive":0,"published_at":"2026-09-02T13:00:00.000000Z","featured_until":"2026-10-12T01:30:51.000000Z","intro_audio_url":null,"full_audio_url":"https:\/\/lm-audio.tor1.digitaloceanspaces.com\/lm-audio\/audios\/article_2703_dictation.mp3","audio_last_generated_at":"2026-09-02T13:33:37.000000Z","created_at":"2026-09-02T01:31:28.000000Z","updated_at":"2026-09-02T14:01:58.000000Z","category_id":3,"send_push_notif":1,"push_notif_sent":"2026-09-02T04:00:53.000000Z","link":"https:\/\/libre-media.com\/2026\/09\/02\/porto-rico-une-nation-prisonniere-de-son-statut-colonial","photo_link":"https:\/\/lm-articles.nyc3.cdn.digitaloceanspaces.com\/v6qu8ibgcRDbq8NEv3IQgs2v2CmQXiv89gIiYFTc.webp","photo":{"fallback_url":"https:\/\/lm-articles.nyc3.cdn.digitaloceanspaces.com\/v6qu8ibgcRDbq8NEv3IQgs2v2CmQXiv89gIiYFTc.webp","width":1800,"height":1200,"variants":[{"width":400,"url":"https:\/\/lm-articles.nyc3.cdn.digitaloceanspaces.com\/variants\/v6qu8ibgcRDbq8NEv3IQgs2v2CmQXiv89gIiYFTc-400.webp"},{"width":800,"url":"https:\/\/lm-articles.nyc3.cdn.digitaloceanspaces.com\/variants\/v6qu8ibgcRDbq8NEv3IQgs2v2CmQXiv89gIiYFTc-800.webp"},{"width":1400,"url":"https:\/\/lm-articles.nyc3.cdn.digitaloceanspaces.com\/variants\/v6qu8ibgcRDbq8NEv3IQgs2v2CmQXiv89gIiYFTc-1400.webp"},{"width":1800,"url":"https:\/\/lm-articles.nyc3.cdn.digitaloceanspaces.com\/variants\/v6qu8ibgcRDbq8NEv3IQgs2v2CmQXiv89gIiYFTc-1800.webp"}]},"published_at_formatted":"Mercredi le 2 septembre 2026, \u00e0 09:00","excerpts":"<p style=\"line-height: 1.5;\"><span style=\"font-size: 18pt;\">Malgr\u00e9 plus d\u2019un si\u00e8cle de domination am\u00e9ricaine, l\u2019identit\u00e9 portoricaine reste profond\u00e9ment vivante et enracin\u00e9e. Portrait d\u2019une \u00eele qui voit d\u00e9cliner sa population et son autonomie.<\/span><\/p>\r\n<p...","category":{"id":3,"name":"Monde","slug":"monde","banner_photo":"fRRRkvjJLFdlW30gEtaOUHrXB7HxhyttrIZpi3JH.jpg","order":3,"color":"#fa636d","_lft":9,"_rgt":10,"parent_id":null,"created_at":null,"updated_at":"2022-05-09T05:23:04.000000Z","color_code":"fa636d","banner_link":"https:\/\/lm-articles.nyc3.cdn.digitaloceanspaces.com\/fRRRkvjJLFdlW30gEtaOUHrXB7HxhyttrIZpi3JH.jpg"},"tags":[{"id":39,"name":{"fr":"\u00c9tats-Unis"},"slug":{"fr":"etats-unis"},"type":null,"order_column":39,"created_at":"2023-09-28T17:34:10.000000Z","updated_at":"2023-09-28T17:34:10.000000Z","pivot":{"taggable_type":"App\\Models\\Article","taggable_id":2703,"tag_id":39}},{"id":60,"name":{"fr":"Am\u00e9rique latine"},"slug":{"fr":"amerique-latine"},"type":null,"order_column":60,"created_at":"2023-10-11T14:14:13.000000Z","updated_at":"2023-10-11T14:14:13.000000Z","pivot":{"taggable_type":"App\\Models\\Article","taggable_id":2703,"tag_id":60}},{"id":74,"name":{"fr":"Trump"},"slug":{"fr":"trump"},"type":null,"order_column":74,"created_at":"2023-10-25T21:21:21.000000Z","updated_at":"2023-10-25T21:21:21.000000Z","pivot":{"taggable_type":"App\\Models\\Article","taggable_id":2703,"tag_id":74}},{"id":221,"name":{"fr":"culture"},"slug":{"fr":"culture"},"type":null,"order_column":218,"created_at":"2024-06-28T00:05:28.000000Z","updated_at":"2024-06-28T00:05:28.000000Z","pivot":{"taggable_type":"App\\Models\\Article","taggable_id":2703,"tag_id":221}},{"id":325,"name":{"fr":"identit\u00e9"},"slug":{"fr":"identite"},"type":null,"order_column":319,"created_at":"2025-01-03T17:20:00.000000Z","updated_at":"2025-01-03T17:20:00.000000Z","pivot":{"taggable_type":"App\\Models\\Article","taggable_id":2703,"tag_id":325}},{"id":456,"name":{"fr":"Cara\u00efbes"},"slug":{"fr":"caraibes"},"type":null,"order_column":448,"created_at":"2025-08-17T14:45:33.000000Z","updated_at":"2025-08-17T14:45:33.000000Z","pivot":{"taggable_type":"App\\Models\\Article","taggable_id":2703,"tag_id":456}},{"id":567,"name":{"fr":"Porto Rico"},"slug":{"fr":"porto-rico"},"type":null,"order_column":559,"created_at":"2026-06-22T22:31:31.000000Z","updated_at":"2026-06-22T22:31:31.000000Z","pivot":{"taggable_type":"App\\Models\\Article","taggable_id":2703,"tag_id":567}}]},{"id":2702,"user_id":10,"slug":"la-guerre-commerciale-un-recit-canadien-plus-quune-realite","title":"La \u00abguerre commerciale\u00bb, un r\u00e9cit canadien plus qu\u2019une r\u00e9alit\u00e9","subtitle":null,"lead":null,"content":"<p style=\"line-height: 1.5;\"><span style=\"font-size: 18pt;\"><strong>Malgr\u00e9 les provocations de Donald Trump, il n\u2019existe pas de v\u00e9ritable \u00abguerre commerciale\u00bb entre Washington et Ottawa, estime l\u2019analyste Philippe Labrecque. Mark Carney aurait toutefois int\u00e9r\u00eat \u00e0 entretenir ce r\u00e9cit pour pr\u00e9server l\u2019unit\u00e9 canadienne.<\/strong><\/span><\/p>\r\n<p style=\"line-height: 1.5;\">\u00a0<\/p>\r\n<p style=\"line-height: 1.5;\"><span style=\"font-size: 14pt;\">Alors que les tensions commerciales entre le Canada et les \u00c9tats-Unis se sont intensifi\u00e9es au cours des derniers mois, la notion de \u00abguerre commerciale\u00bb est de plus en plus utilis\u00e9e dans les grands m\u00e9dias canadiens. Or, selon Philippe Labrecque, cette expression est exag\u00e9r\u00e9e.<\/span><\/p>\r\n<p style=\"line-height: 1.5;\">\u00a0<\/p>\r\n<p style=\"line-height: 1.5;\"><span style=\"font-size: 14pt;\">Le journaliste et chroniqueur estime plut\u00f4t que Washington cherche \u00e0 r\u00e9pondre \u00e0 une transformation profonde de l\u2019ordre \u00e9conomique mondial et \u00e0 relancer son secteur industriel. <\/span><span style=\"font-size: 14pt;\">Philippe Labrecque anime l\u2019\u00e9mission <em>Questions d\u2019actualit\u00e9<\/em> sur les ondes de Radio VM, \u00e0 Montr\u00e9al. Entretien.<\/span><\/p>\r\n<p>\u00a0<\/p>\r\n<p style=\"line-height: 1.5;\"><strong><span style=\"font-size: 14pt;\">Simon Leduc: Dans <a href=\"https:\/\/www.lesaffaires.com\/secteurs\/politique\/il-ny-a-pas-de-guerre-commerciale-avec-les-etats-unis\/\">un article publi\u00e9<\/a> dans le magazine <em>Les Affaires,<\/em> vous affirmez qu\u2019il n\u2019y a pas r\u00e9ellement de guerre commerciale entre le Canada et les \u00c9tats-Unis. Pourquoi?<\/span><\/strong><\/p>\r\n<p style=\"line-height: 1.5;\">\u00a0<\/p>\r\n<p style=\"line-height: 1.5;\"><span style=\"font-size: 14pt;\"><strong>Philippe Labrecque<\/strong>: \u00abIl faut d\u2019abord faire attention au vocabulaire. Si on parle de v\u00e9ritable \"guerre commerciale\", il faut comprendre que, dans une guerre au sens traditionnel, il y a g\u00e9n\u00e9ralement aussi un aspect \u00e9conomique.<\/span><\/p>\r\n<p style=\"line-height: 1.5;\">\u00a0<\/p>\r\n<p style=\"line-height: 1.5;\"><span style=\"font-size: 14pt;\">Les guerres traditionnelles avec l\u2019infanterie, les blind\u00e9s, les bombardements et l\u2019aviation sont accompagn\u00e9es de blocus ou de mesures visant \u00e0 affaiblir \u00e9conomiquement l\u2019adversaire.<\/span><\/p>\r\n<p style=\"line-height: 1.5;\">\u00a0<\/p>\r\n<p style=\"line-height: 1.5;\"><span style=\"font-size: 14pt;\">Il peut donc y avoir des tensions commerciales entre le Canada et les \u00c9tats-Unis, mais parler de guerre commerciale me semble exag\u00e9r\u00e9.<\/span><\/p>\r\n<p style=\"line-height: 1.5;\">\u00a0<\/p>\r\n<p style=\"line-height: 1.5; text-align: center;\"><strong><span style=\"font-size: 18pt; font-family: verdana, geneva, sans-serif;\">\u00c0 lire aussi: <a href=\"..\/..\/..\/2026\/08\/23\/carney-frechette-et-les-medias-nous-refont-le-coup-de-la-covid\">Carney, Fr\u00e9chette et les m\u00e9dias nous refont le coup de la Covid<\/a><\/span><\/strong><\/p>\r\n<p style=\"line-height: 1.5;\">\u00a0<\/p>\r\n<p style=\"line-height: 1.5;\"><span style=\"font-size: 14pt;\">Surtout, les \u00c9tats-Unis ne sont pas en guerre contre leurs alli\u00e9s traditionnels, que ce soit le Canada, le Mexique ou les pays europ\u00e9ens. Ils r\u00e9pondent plut\u00f4t \u00e0 une transformation du syst\u00e8me international.<\/span><\/p>\r\n<p style=\"line-height: 1.5;\">\u00a0<\/p>\r\n<blockquote>\r\n<p style=\"line-height: 1.5;\"><span style=\"font-size: 18pt;\">Les deux pays n\u2019ont pas vraiment le choix de revenir \u00e0 la table. La question est plut\u00f4t de savoir quand.<\/span><\/p>\r\n<\/blockquote>\r\n<p style=\"line-height: 1.5;\">\u00a0<\/p>\r\n<p style=\"line-height: 1.5;\"><span style=\"font-size: 14pt;\">Les \u00c9tats-Unis ne sont plus la seule grande puissance \u00e9conomique dominante. La Chine s\u2019en approche dangereusement, tandis que la dette publique am\u00e9ricaine augmente consid\u00e9rablement. <\/span><\/p>\r\n<p style=\"line-height: 1.5;\">\u00a0<\/p>\r\n<p style=\"line-height: 1.5;\"><span style=\"font-size: 14pt;\">Les \u00c9tats-Unis consacrent maintenant davantage d\u2019argent au paiement des int\u00e9r\u00eats sur leur dette qu\u2019\u00e0 leur d\u00e9fense, ce qui constitue une situation historique.\u00bb<\/span><\/p>\r\n<p style=\"line-height: 1.5;\">\u00a0<\/p>\r\n<h3 style=\"line-height: 1.5;\"><span style=\"font-size: 14pt;\"><strong>Quel est le lien entre cette situation et les tarifs impos\u00e9s par Donald Trump?<\/strong><\/span><\/h3>\r\n<p>\u00a0<\/p>\r\n<p style=\"line-height: 1.5;\"><span style=\"font-size: 14pt;\"><strong>Philippe Labrecque<\/strong>: \u00abLes tarifs douaniers doivent \u00eatre compris comme des mesures protectionnistes visant notamment \u00e0 r\u00e9industrialiser les \u00c9tats-Unis.<\/span><\/p>\r\n<p style=\"line-height: 1.5;\">\u00a0<\/p>\r\n<p style=\"line-height: 1.5;\"><span style=\"font-size: 14pt;\">Les Am\u00e9ricains ont constat\u00e9 leur d\u00e9pendance envers la Chine et d\u2019autres pays pour une grande partie de leur production manufacturi\u00e8re. Or, une puissance militaire ne peut pas \u00eatre enti\u00e8rement d\u00e9pendante de l\u2019\u00e9tranger pour produire ses missiles, ses munitions, ses navires de guerre ou ses \u00e9quipements \u00e9lectroniques de pointe.<\/span><\/p>\r\n<p style=\"line-height: 1.5;\">\u00a0<\/p>\r\n<p style=\"line-height: 1.5;\"><span style=\"font-size: 14pt;\">On ne peut pas, en pleine confrontation avec la Chine autour de Ta\u00efwan, demander \u00e0 P\u00e9kin de fournir les \u00e9quipements n\u00e9cessaires \u00e0 l\u2019effort de guerre am\u00e9ricain. Il faut donc disposer d\u2019une capacit\u00e9 industrielle nationale.<\/span><\/p>\r\n<p style=\"line-height: 1.5;\">\u00a0<\/p>\r\n<p style=\"line-height: 1.3; text-align: center;\"><span style=\"font-size: 14pt;\"><img decoding=\"async\" src=\"https:\/\/lm-articles.nyc3.cdn.digitaloceanspaces.com\/content\/uploads\/2026\/09\/7a0eb263-3221-4795-935f-6c709947dcfe.webp\" alt=\"\" width=\"1200\" height=\"800\" loading=\"lazy\"><\/span><em>Une carte d\u00e9signant le lac Ontario sous le nom de \u00abLake America\u00bb est expos\u00e9e dans le Bureau ovale, alors que le pr\u00e9sident Donald Trump r\u00e9pond aux journalistes apr\u00e8s avoir sign\u00e9 un d\u00e9cret, le 27 ao\u00fbt 2026. Photo: Andrew HARNIK pour l\u2019AFP.<\/em><\/p>\r\n<p style=\"line-height: 1.5;\">\u00a0<\/p>\r\n<p style=\"line-height: 1.5;\">\u00a0<\/p>\r\n<p style=\"line-height: 1.5;\"><span style=\"font-size: 14pt;\">Il existe une faiblesse structurelle des \u00c9tats-Unis qui d\u00e9coule \u00e0 la fois de leur dette publique colossale et de la diminution de leur capacit\u00e9 manufacturi\u00e8re. C\u2019est dans ce contexte qu\u2019il faut comprendre les tarifs de Donald Trump.<\/span><\/p>\r\n<p style=\"line-height: 1.5;\">\u00a0<\/p>\r\n<p style=\"line-height: 1.5;\"><span style=\"font-size: 14pt;\">Malgr\u00e9 le style de communication propre au pr\u00e9sident am\u00e9ricain, l\u2019objectif n\u2019est pas simplement de nuire au Canada ou aux autres alli\u00e9s des \u00c9tats-Unis. L\u2019objectif est de forcer une r\u00e9industrialisation du pays.\u00bb<\/span><\/p>\r\n<p style=\"line-height: 1.5;\">\u00a0<\/p>\r\n<p style=\"line-height: 1.5;\"><strong><span style=\"font-size: 14pt;\">Quelles pourraient \u00eatre les cons\u00e9quences \u00e0 court terme des tarifs am\u00e9ricains de 50% sur certains produits canadiens?<\/span><\/strong><\/p>\r\n<p style=\"line-height: 1.5;\">\u00a0<\/p>\r\n<p style=\"line-height: 1.5;\"><span style=\"font-size: 14pt;\"><strong>Philippe Labrecque<\/strong>: \u00abCes tarifs vont rendre plusieurs produits canadiens beaucoup moins concurrentiels sur le march\u00e9 am\u00e9ricain. Le co\u00fbt des tarifs sera \u00e9ventuellement transf\u00e9r\u00e9 aux consommateurs am\u00e9ricains, ce qui augmentera le prix des produits canadiens.<\/span><\/p>\r\n<p style=\"line-height: 1.5;\">\u00a0<\/p>\r\n<p style=\"line-height: 1.5;\"><span style=\"font-size: 14pt;\">Les producteurs am\u00e9ricains, ainsi que les exportateurs \u00e9trangers soumis \u00e0 des tarifs moins \u00e9lev\u00e9s, pourront alors vendre leurs produits \u00e0 meilleur prix.<\/span><\/p>\r\n<p style=\"line-height: 1.5;\">\u00a0<\/p>\r\n<p style=\"line-height: 1.5;\"><span style=\"font-size: 14pt;\">Cela dit, je ne crois pas que ces tarifs de 50% soient appel\u00e9s \u00e0 durer. Il s\u2019agit davantage d\u2019un point de d\u00e9part dans une n\u00e9gociation. Donald Trump commence souvent les n\u00e9gociations avec des demandes tr\u00e8s \u00e9lev\u00e9es avant de parvenir \u00e0 un compromis.<\/span><\/p>\r\n<p style=\"line-height: 1.5;\">\u00a0<\/p>\r\n<p style=\"line-height: 1.5;\"><span style=\"font-size: 14pt;\">Le Canada et les \u00c9tats-Unis finiront probablement par s\u2019entendre sur des tarifs plus acceptables. Je ne crois toutefois pas qu\u2019on reviendra n\u00e9cessairement \u00e0 un commerce sans tarifs.<\/span><\/p>\r\n<p style=\"line-height: 1.5;\">\u00a0<\/p>\r\n<p style=\"line-height: 1.5;\"><span style=\"font-size: 14pt;\">\u00c0 court terme, cela fera mal aux exportations canadiennes. Mais c\u2019est pr\u00e9cis\u00e9ment l\u2019objectif de ces mesures: exercer une pression pour obtenir une entente plus avantageuse ou davantage align\u00e9e sur les int\u00e9r\u00eats am\u00e9ricains.\u00bb<\/span><\/p>\r\n<p style=\"line-height: 1.5;\">\u00a0<\/p>\r\n<p style=\"line-height: 1.5;\"><strong><span style=\"font-size: 14pt;\">Croyez-vous que les n\u00e9gociations vont reprendre rapidement?<\/span><\/strong><\/p>\r\n<p>\u00a0<\/p>\r\n<p style=\"line-height: 1.5;\"><span style=\"font-size: 14pt;\"><strong>Philippe Labrecque<\/strong>: \u00abLes deux pays n\u2019ont pas vraiment le choix de revenir \u00e0 la table. La question est plut\u00f4t de savoir quand.<\/span><\/p>\r\n<p style=\"line-height: 1.5;\">\u00a0<\/p>\r\n<p style=\"line-height: 1.5;\"><span style=\"font-size: 14pt;\">Certains avancent que la strat\u00e9gie de Mark Carney pourrait consister \u00e0 attendre les \u00e9lections am\u00e9ricaines de mi-mandat de novembre, dans l\u2019espoir que les r\u00e9publicains subissent des pertes et que Donald Trump soit politiquement affaibli.<\/span><\/p>\r\n<p style=\"line-height: 1.5;\">\u00a0<\/p>\r\n<p style=\"line-height: 1.5;\"><span style=\"font-size: 14pt;\">Je ne crois pas beaucoup \u00e0 cette hypoth\u00e8se. Je ne vois pas pourquoi une d\u00e9faite r\u00e9publicaine aux \u00e9lections de mi-mandat ferait soudainement changer Trump de politique envers le Canada.<\/span><\/p>\r\n<p style=\"line-height: 1.5;\">\u00a0<\/p>\r\n<p style=\"line-height: 1.5;\"><span style=\"font-size: 14pt;\">Le Canada ne peut pas vivre pendant quatre ans avec des tarifs de 50% sur des milliards de dollars de produits export\u00e9s vers les \u00c9tats-Unis. C\u2019est pourquoi il est condamn\u00e9 \u00e0 s\u2019entendre avec son voisin.\u00bb<\/span><\/p>\r\n<p style=\"line-height: 1.5;\">\u00a0<\/p>\r\n<p style=\"line-height: 1.5;\"><strong><span style=\"font-size: 14pt;\">La rupture des n\u00e9gociations pourrait-elle aussi r\u00e9pondre \u00e0 des consid\u00e9rations politiques de la part de Mark Carney?<\/span><\/strong><\/p>\r\n<p>\u00a0<\/p>\r\n<p style=\"line-height: 1.5;\"><span style=\"font-size: 14pt;\"><strong>Philippe Labrecque<\/strong>: \u00abC\u2019est possible, m\u00eame si on entre ici dans le domaine de la sp\u00e9culation.<\/span><\/p>\r\n<p style=\"line-height: 1.5;\">\u00a0<\/p>\r\n<p style=\"line-height: 1.5;\"><span style=\"font-size: 14pt;\">Le Canada fait actuellement face \u00e0 des tensions importantes concernant son unit\u00e9 nationale, notamment avec la mont\u00e9e des mouvements souverainistes au Qu\u00e9bec et en Alberta.<\/span><\/p>\r\n<p style=\"line-height: 1.5; text-align: center;\">\u00a0<\/p>\r\n<p style=\"line-height: 1.5; text-align: center;\"><strong><span style=\"font-size: 18pt; font-family: verdana, geneva, sans-serif;\">\u00c0 lire aussi: <a href=\"..\/..\/..\/2026\/08\/29\/carney-et-frechette-fabriquent-une-crise-pour-preserver-le-canada\">Carney et Fr\u00e9chette fabriquent une crise pour mater la souverainet\u00e9<\/a><\/span><\/strong><\/p>\r\n<p style=\"line-height: 1.5; text-align: center;\">\u00a0<\/p>\r\n<p style=\"line-height: 1.5;\"><span style=\"font-size: 14pt;\">Mark Carney a donc int\u00e9r\u00eat \u00e0 utiliser le contexte actuel pour renforcer le sentiment d\u2019unit\u00e9 canadienne et le patriotisme. La crainte d\u2019une confrontation avec les \u00c9tats-Unis peut \u00e9galement contribuer \u00e0 rapprocher les diff\u00e9rentes r\u00e9gions du pays.<\/span><\/p>\r\n<p style=\"line-height: 1.5;\">\u00a0<\/p>\r\n<p style=\"line-height: 1.5;\"><span style=\"font-size: 14pt;\">Il existe par ailleurs <a href=\"https:\/\/nationalpost.com\/news\/another-alberta-separatist-leader-is-courting-u-s-conservatives-in-washington-and-mar-a-lago\">des liens entre certains milieux ind\u00e9pendantistes albertains<\/a> et des personnes proches de l\u2019administration Trump. Tout cela donne \u00e0 Ottawa des raisons suppl\u00e9mentaires de vouloir r\u00e9orienter la politique commerciale canadienne.\u00bb<\/span><\/p>\r\n<p style=\"line-height: 1.5;\">\u00a0<\/p>\r\n<p style=\"line-height: 1.5;\"><strong><span style=\"font-size: 14pt;\">Cette crise pourrait-elle pousser Ottawa \u00e0 r\u00e9orienter le commerce canadien vers un axe est-ouest?<\/span><\/strong><\/p>\r\n<p style=\"line-height: 1.5;\">\u00a0<\/p>\r\n<p style=\"line-height: 1.5;\"><span style=\"font-size: 14pt;\"><strong>Philippe Labrecque<\/strong>: \u00abAbsolument. C\u2019est probablement l\u2019une des cons\u00e9quences les plus int\u00e9ressantes de la situation actuelle.<\/span><\/p>\r\n<p style=\"line-height: 1.5;\">\u00a0<\/p>\r\n<p style=\"line-height: 1.5;\"><span style=\"font-size: 14pt;\">Le Canada d\u00e9pend historiquement \u00e9norm\u00e9ment du commerce nord-sud avec les \u00c9tats-Unis. La crise actuelle pourrait inciter Ottawa \u00e0 d\u00e9velopper davantage les \u00e9changes entre les provinces, de la Colombie-Britannique jusqu\u2019aux Maritimes, tout en r\u00e9duisant les barri\u00e8res commerciales interprovinciales.<\/span><\/p>\r\n<p style=\"line-height: 1.5;\">\u00a0<\/p>\r\n<p style=\"line-height: 1.5;\"><span style=\"font-size: 14pt;\">Cela pourrait \u00e9galement devenir un argument pour revoir certaines politiques \u00e9conomiques canadiennes qui emp\u00eachent une circulation plus libre des biens et des ressources entre les provinces.<\/span><\/p>\r\n<p style=\"line-height: 1.5;\">\u00a0<\/p>\r\n<p style=\"line-height: 1.5;\"><span style=\"font-size: 14pt;\">La question est toutefois de savoir ce que cette r\u00e9orientation co\u00fbtera. Ce ne sera pas n\u00e9cessairement simple ni rapide.\u00bb<\/span><\/p>\r\n<p>\u00a0<\/p>\r\n<p style=\"line-height: 1.5;\"><strong><span style=\"font-size: 14pt;\">Mark Carney pourrait-il favoriser davantage l\u2019exploitation des ressources naturelles et p\u00e9troli\u00e8res de l\u2019Alberta?<\/span><\/strong><\/p>\r\n<p>\u00a0<\/p>\r\n<p style=\"line-height: 1.5;\"><span style=\"font-size: 14pt;\"><strong>Philippe Labrecque<\/strong>: \u00abC\u2019est tout \u00e0 fait possible. On observe d\u00e9j\u00e0 un changement important par rapport aux politiques environnementales de l\u2019\u00e9poque de Justin Trudeau.<\/span><\/p>\r\n<p style=\"line-height: 1.5;\">\u00a0<\/p>\r\n<p style=\"line-height: 1.5;\"><span style=\"font-size: 14pt;\">Le premier ministre peut maintenant utiliser la situation \u00e9conomique pour soutenir qu\u2019il faut cr\u00e9er davantage de richesse et exploiter les ressources naturelles du pays. Si les tarifs am\u00e9ricains r\u00e9duisent nos exportations, il devient encore plus important de trouver d\u2019autres march\u00e9s.<\/span><\/p>\r\n<p style=\"line-height: 1.5;\">\u00a0<\/p>\r\n<p style=\"line-height: 1.5;\"><span style=\"font-size: 14pt;\">L\u2019Alberta pourrait notamment exporter davantage de p\u00e9trole vers l\u2019Europe si les infrastructures n\u00e9cessaires sont d\u00e9velopp\u00e9es.<\/span><\/p>\r\n<p style=\"line-height: 1.5;\">\u00a0<\/p>\r\n<p style=\"line-height: 1.5;\"><span style=\"font-size: 14pt;\">Il faut \u00e9galement tenir compte de l\u2019\u00e9volution de la demande \u00e9nerg\u00e9tique mondiale. Celle-ci devrait continuer \u00e0 augmenter fortement. Il serait donc logique que le Canada cherche \u00e0 maximiser l\u2019exploitation de ses ressources \u00e9nerg\u00e9tiques et mini\u00e8res.<\/span><\/p>\r\n<p style=\"line-height: 1.5;\">\u00a0<\/p>\r\n<p style=\"line-height: 1.5;\"><span style=\"font-size: 14pt;\">Une telle strat\u00e9gie pourrait aussi contribuer \u00e0 diminuer les vell\u00e9it\u00e9s souverainistes en Alberta. Ottawa pourrait essentiellement dire \u00e0 la province: vous n\u2019avez pas n\u00e9cessairement besoin de vous s\u00e9parer pour d\u00e9velopper votre \u00e9conomie, puisque le gouvernement f\u00e9d\u00e9ral peut vous permettre d\u2019acc\u00e9der \u00e0 de nouveaux march\u00e9s.\u00bb<\/span><\/p>\r\n<p style=\"line-height: 1.5;\">\u00a0<\/p>\r\n<p style=\"line-height: 1.5;\"><strong><span style=\"font-size: 14pt;\">On observe un sentiment parfois tr\u00e8s antiam\u00e9ricain au Qu\u00e9bec et ailleurs au Canada. Existe-t-il un sentiment anticanadien similaire aux \u00c9tats-Unis?<\/span><\/strong><\/p>\r\n<p>\u00a0<\/p>\r\n<p style=\"line-height: 1.5;\"><span style=\"font-size: 14pt;\"><strong>Philippe Labrecque<\/strong>: \u00abPour ma part, je n\u2019en ai jamais vraiment ressenti. J\u2019ai v\u00e9cu pr\u00e8s d\u2019un an \u00e0 Washington et j\u2019ai \u00e9t\u00e9 en contact avec des gens du milieu des <em>think tanks<\/em> et des questions de d\u00e9fense. Les Am\u00e9ricains avaient g\u00e9n\u00e9ralement une tr\u00e8s bonne opinion du Canada.<\/span><\/p>\r\n<p style=\"line-height: 1.5;\">\u00a0<\/p>\r\n<p style=\"line-height: 1.5;\"><span style=\"font-size: 14pt;\">Il existe m\u00eame beaucoup de francophiles aux \u00c9tats-Unis. J\u2019utilisais r\u00e9guli\u00e8rement le fran\u00e7ais \u00e0 Washington.<\/span><\/p>\r\n<p style=\"line-height: 1.5;\">\u00a0<\/p>\r\n<p style=\"line-height: 1.5;\"><span style=\"font-size: 14pt;\">Le Canada demeure g\u00e9n\u00e9ralement per\u00e7u comme un alli\u00e9 proche. Le probl\u00e8me, c\u2019est surtout que le Canada n\u2019est pas un sujet majeur dans les discussions am\u00e9ricaines.<\/span><\/p>\r\n<p style=\"line-height: 1.5;\">\u00a0<\/p>\r\n<p style=\"line-height: 1.5;\"><span style=\"font-size: 14pt;\">Les Am\u00e9ricains vont parler beaucoup plus de la Chine, de l\u2019Iran, d\u2019Isra\u00ebl ou de l\u2019Arabie saoudite que du Canada. Et, paradoxalement, c\u2019est plut\u00f4t une bonne chose.<\/span><\/p>\r\n<p style=\"line-height: 1.5;\">\u00a0<\/p>\r\n<p style=\"line-height: 1.5; text-align: center;\"><span style=\"font-family: verdana, geneva, sans-serif;\"><strong><span style=\"font-size: 18pt;\">\u00c0 lire aussi: <a href=\"..\/..\/..\/2026\/06\/04\/ottawa-veut-relancer-les-hydrocarbures-sans-dependre-de-washington\">Ottawa veut relancer les hydrocarbures sans d\u00e9pendre de Washington<\/a><\/span><\/strong><\/span><\/p>\r\n<p style=\"line-height: 1.5;\">\u00a0<\/p>\r\n<p style=\"line-height: 1.5;\"><span style=\"font-size: 14pt;\">On ne veut pas que les \u00c9tats-Unis consid\u00e8rent le Canada comme un probl\u00e8me \u00e0 r\u00e9gler. Nous sommes encore largement per\u00e7us comme un voisin et un proche alli\u00e9.<\/span><\/p>\r\n<p style=\"line-height: 1.5;\">\u00a0<\/p>\r\n<p style=\"line-height: 1.5;\"><span style=\"font-size: 14pt;\">Le Canada anglais partage d\u2019ailleurs \u00e9norm\u00e9ment de r\u00e9f\u00e9rences culturelles avec les \u00c9tats-Unis, notamment par l\u2019interm\u00e9diaire de la t\u00e9l\u00e9vision et des m\u00e9dias am\u00e9ricains. M\u00eame les Qu\u00e9b\u00e9cois sont, dans une certaine mesure, tr\u00e8s am\u00e9ricains.<\/span><\/p>\r\n<p style=\"line-height: 1.5;\">\u00a0<\/p>\r\n<p style=\"line-height: 1.5;\"><span style=\"font-size: 14pt;\">Il n\u2019y a donc pas, selon mon exp\u00e9rience, de v\u00e9ritable sentiment anticanadien g\u00e9n\u00e9ralis\u00e9 aux \u00c9tats-Unis. La \"guerre commerciale\" est beaucoup plus pr\u00e9sente dans le discours canadien que dans les conversations quotidiennes am\u00e9ricaines.\u00bb<\/span><\/p>\r\n<p style=\"line-height: 1.5;\">\u00a0<\/p>","photo_path":"aRnyxlnEZ0dnPyusZMqY1A0hj42fe8UQwXWPCsbo.webp","photo_width":1800,"photo_height":1200,"photo_meta":{"v":1,"width":1800,"height":1200,"variants":[{"key":"variants\/aRnyxlnEZ0dnPyusZMqY1A0hj42fe8UQwXWPCsbo-400.webp","width":400},{"key":"variants\/aRnyxlnEZ0dnPyusZMqY1A0hj42fe8UQwXWPCsbo-800.webp","width":800},{"key":"variants\/aRnyxlnEZ0dnPyusZMqY1A0hj42fe8UQwXWPCsbo-1400.webp","width":1400},{"key":"variants\/aRnyxlnEZ0dnPyusZMqY1A0hj42fe8UQwXWPCsbo-1800.webp","width":1800}]},"photo_subtitle":"Photo: AFP.","youtube_embed_video_url":null,"thumbnail_path":null,"views_count":342,"exclusive":1,"published_at":"2026-09-01T18:00:24.000000Z","featured_until":"2026-10-11T18:03:27.000000Z","intro_audio_url":null,"full_audio_url":"https:\/\/lm-audio.tor1.digitaloceanspaces.com\/lm-audio\/audios\/article_2702_dictation.mp3","audio_last_generated_at":"2026-09-01T18:11:14.000000Z","created_at":"2026-09-01T18:05:33.000000Z","updated_at":"2026-09-02T01:05:05.000000Z","category_id":1,"send_push_notif":1,"push_notif_sent":"2026-09-01T18:07:01.000000Z","link":"https:\/\/libre-media.com\/2026\/09\/01\/la-guerre-commerciale-un-recit-canadien-plus-quune-realite","photo_link":"https:\/\/lm-articles.nyc3.cdn.digitaloceanspaces.com\/aRnyxlnEZ0dnPyusZMqY1A0hj42fe8UQwXWPCsbo.webp","photo":{"fallback_url":"https:\/\/lm-articles.nyc3.cdn.digitaloceanspaces.com\/aRnyxlnEZ0dnPyusZMqY1A0hj42fe8UQwXWPCsbo.webp","width":1800,"height":1200,"variants":[{"width":400,"url":"https:\/\/lm-articles.nyc3.cdn.digitaloceanspaces.com\/variants\/aRnyxlnEZ0dnPyusZMqY1A0hj42fe8UQwXWPCsbo-400.webp"},{"width":800,"url":"https:\/\/lm-articles.nyc3.cdn.digitaloceanspaces.com\/variants\/aRnyxlnEZ0dnPyusZMqY1A0hj42fe8UQwXWPCsbo-800.webp"},{"width":1400,"url":"https:\/\/lm-articles.nyc3.cdn.digitaloceanspaces.com\/variants\/aRnyxlnEZ0dnPyusZMqY1A0hj42fe8UQwXWPCsbo-1400.webp"},{"width":1800,"url":"https:\/\/lm-articles.nyc3.cdn.digitaloceanspaces.com\/variants\/aRnyxlnEZ0dnPyusZMqY1A0hj42fe8UQwXWPCsbo-1800.webp"}]},"published_at_formatted":"Mardi le 1 septembre 2026, \u00e0 14:00","excerpts":"<p style=\"line-height: 1.5;\"><span style=\"font-size: 18pt;\">Malgr\u00e9 les provocations de Donald Trump, il n\u2019existe pas de v\u00e9ritable \u00abguerre commerciale\u00bb entre Washington et Ottawa, estime l\u2019analyste Philippe Labrecque. Mark Carney aurait toutefois int\u00e9r\u00eat...","category":{"id":1,"name":"Actualit\u00e9","slug":"actualite","banner_photo":"anW64KkJ0cZOhQQvf80kwkVbehX7JWToNCGLDkYE.jpg","order":1,"color":"#72fc9a","_lft":1,"_rgt":2,"parent_id":null,"created_at":null,"updated_at":"2022-05-09T05:22:24.000000Z","color_code":"72fc9a","banner_link":"https:\/\/lm-articles.nyc3.cdn.digitaloceanspaces.com\/anW64KkJ0cZOhQQvf80kwkVbehX7JWToNCGLDkYE.jpg"},"tags":[{"id":16,"name":{"fr":"Canada"},"slug":{"fr":"canada"},"type":null,"order_column":16,"created_at":"2023-09-09T22:17:06.000000Z","updated_at":"2023-09-09T22:17:06.000000Z","pivot":{"taggable_type":"App\\Models\\Article","taggable_id":2702,"tag_id":16}},{"id":39,"name":{"fr":"\u00c9tats-Unis"},"slug":{"fr":"etats-unis"},"type":null,"order_column":39,"created_at":"2023-09-28T17:34:10.000000Z","updated_at":"2023-09-28T17:34:10.000000Z","pivot":{"taggable_type":"App\\Models\\Article","taggable_id":2702,"tag_id":39}},{"id":74,"name":{"fr":"Trump"},"slug":{"fr":"trump"},"type":null,"order_column":74,"created_at":"2023-10-25T21:21:21.000000Z","updated_at":"2023-10-25T21:21:21.000000Z","pivot":{"taggable_type":"App\\Models\\Article","taggable_id":2702,"tag_id":74}},{"id":340,"name":{"fr":"Carney"},"slug":{"fr":"carney"},"type":null,"order_column":334,"created_at":"2025-01-28T17:40:12.000000Z","updated_at":"2025-01-28T17:40:12.000000Z","pivot":{"taggable_type":"App\\Models\\Article","taggable_id":2702,"tag_id":340}},{"id":387,"name":{"fr":"commerce"},"slug":{"fr":"commerce"},"type":null,"order_column":381,"created_at":"2025-04-07T14:43:01.000000Z","updated_at":"2025-04-07T14:43:01.000000Z","pivot":{"taggable_type":"App\\Models\\Article","taggable_id":2702,"tag_id":387}}]},{"id":2701,"user_id":15,"slug":"jerome-blanchet-gravel-publie-la-societe-chalet","title":"J\u00e9r\u00f4me Blanchet-Gravel publie La soci\u00e9t\u00e9-chalet","subtitle":null,"lead":null,"content":"<p style=\"line-height: 1.5;\"><span style=\"font-size: 18pt;\"><strong>J\u00e9r\u00f4me Blanchet-Gravel fait para\u00eetre <em>La soci\u00e9t\u00e9-chalet<\/em>, un livre dans lequel il fustige la peur du risque et le conformisme qui se sont accentu\u00e9s au Qu\u00e9bec et au Canada depuis la pand\u00e9mie.<\/strong><\/span><\/p>\r\n<p style=\"line-height: 1.5;\">\u00a0<\/p>\r\n<p style=\"line-height: 1.5;\"><span style=\"font-size: 14pt;\">Le journaliste et essayiste qu\u00e9b\u00e9cois J\u00e9r\u00f4me Blanchet-Gravel publie <em>La soci\u00e9t\u00e9-chalet<\/em>, un recueil de textes couvrant six ann\u00e9es d\u00e9terminantes de la vie politique qu\u00e9b\u00e9coise et canadienne.\u00a0<\/span><\/p>\r\n<p style=\"line-height: 1.5;\">\u00a0<\/p>\r\n<p style=\"line-height: 1.5;\"><span style=\"font-size: 18pt;\"><strong>Six ann\u00e9es de diagnostic<\/strong><\/span><\/p>\r\n<p style=\"line-height: 1.5;\">\u00a0<\/p>\r\n<p style=\"line-height: 1.5;\"><span style=\"font-size: 14pt;\">Deuxi\u00e8me ouvrage port\u00e9 au catalogue des \u00c9ditions Libre M\u00e9dia, <em>La soci\u00e9t\u00e9-chalet <\/em>r\u00e9unit des \u00e9crits parus entre mai 2020 et mai 2026.\u00a0<\/span><\/p>\r\n<p style=\"line-height: 1.5;\">\u00a0<\/p>\r\n<p style=\"line-height: 1.5;\"><span style=\"font-size: 14pt;\">De la pand\u00e9mie de Covid-19 aux profondes transformations politiques, sociales et culturelles qui ont suivi, l\u2019auteur y brosse le portrait d\u2019une soci\u00e9t\u00e9 en d\u00e9clin gagn\u00e9e par le repli, la peur et la recherche constante de s\u00e9curit\u00e9.<\/span><\/p>\r\n<p style=\"line-height: 1.5;\">\u00a0<\/p>\r\n<p style=\"line-height: 1.5; text-align: center;\"><strong><span style=\"font-size: 18pt; font-family: verdana, geneva, sans-serif;\">\u00c0 lire aussi: <a href=\"..\/..\/..\/2026\/04\/21\/libre-media-elargit-sa-mission-avec-une-maison-dedition\">Libre M\u00e9dia \u00e9largit sa mission avec une maison d\u2019\u00e9dition<\/a><\/span><\/strong><\/p>\r\n<p style=\"line-height: 1.5;\">\u00a0<\/p>\r\n<p style=\"line-height: 1.5;\"><span style=\"font-size: 14pt;\">\u00abJ\u2019ai voulu faire un livre accessible \u00e0 tous, qui raconte simplement ce qui nous est arriv\u00e9 depuis 2020. La pand\u00e9mie n\u2019a pas cr\u00e9\u00e9 la soci\u00e9t\u00e9-chalet, mais elle a acc\u00e9l\u00e9r\u00e9 quelque chose qui \u00e9tait d\u00e9j\u00e0 l\u00e0: notre peur du risque, notre besoin d\u2019\u00eatre rassur\u00e9s et notre r\u00e9flexe de nous barricader contre le monde\u00bb, explique J\u00e9r\u00f4me Blanchet-Gravel.<\/span><\/p>\r\n<p style=\"line-height: 1.5;\">\u00a0<\/p>\r\n<p style=\"line-height: 1.5;\"><span style=\"font-size: 18pt;\"><strong>Une soci\u00e9t\u00e9 min\u00e9e par la peur\u00a0<\/strong><\/span><\/p>\r\n<p style=\"line-height: 1.5;\">\u00a0<\/p>\r\n<p style=\"line-height: 1.5;\"><span style=\"font-size: 14pt;\">L\u2019auteur de 36 ans revient notamment sur le poids \u00e9crasant du conformisme, l\u2019affaiblissement du d\u00e9bat public et la difficult\u00e9 croissante de ces territoires p\u00e9riph\u00e9riques que sont le Qu\u00e9bec et le Canada \u00e0 composer avec l'adversit\u00e9 et la vie elle-m\u00eame.\u00a0<\/span><\/p>\r\n<p style=\"line-height: 1.5;\">\u00a0<\/p>\r\n<p style=\"line-height: 1.5;\"><span style=\"font-size: 14pt;\">L\u2019ouvrage s\u2019inscrit dans la volont\u00e9 des \u00c9ditions Libre M\u00e9dia de prolonger, sous une forme durable, les grands d\u00e9bats politiques et intellectuels abord\u00e9s dans les pages du m\u00e9dia.<\/span><\/p>\r\n<p style=\"line-height: 1.5;\">\u00a0<\/p>\r\n<p style=\"line-height: 1.5;\"><span style=\"font-size: 18pt;\"><strong>Lancement \u00e0 Qu\u00e9bec<\/strong><\/span><\/p>\r\n<p style=\"line-height: 1.5;\">\u00a0<\/p>\r\n<p style=\"line-height: 1.5;\"><span style=\"font-size: 14pt;\">Un lancement aura lieu ce mercredi 2 septembre 2026, \u00e0 17 h, au Caf\u00e9 au Temps perdu, dans la capitale nationale. Les lecteurs pourront rencontrer l\u2019auteur et se procurer un exemplaire du livre sur place.<\/span><\/p>\r\n<p style=\"line-height: 1.5;\">\u00a0<\/p>\r\n<p style=\"line-height: 1.5;\"><span style=\"font-size: 14pt;\"><a href=\"https:\/\/www.amazon.ca\/dp\/2982542102?ref=ppx_yo2ov_dt_b_fed_asin_title\">Cliquez ici pour vous procurer le livre sur Amazon<\/a>.<\/span><\/p>\r\n<p>\u00a0<\/p>","photo_path":"PyaK0ENY60g5woGY6htQJ3yz5rBaPAJbKVoDvQY4.webp","photo_width":3072,"photo_height":1844,"photo_meta":{"v":1,"width":3072,"height":1844,"variants":[{"key":"variants\/PyaK0ENY60g5woGY6htQJ3yz5rBaPAJbKVoDvQY4-400.webp","width":400},{"key":"variants\/PyaK0ENY60g5woGY6htQJ3yz5rBaPAJbKVoDvQY4-800.webp","width":800},{"key":"variants\/PyaK0ENY60g5woGY6htQJ3yz5rBaPAJbKVoDvQY4-1400.webp","width":1400},{"key":"variants\/PyaK0ENY60g5woGY6htQJ3yz5rBaPAJbKVoDvQY4-2000.webp","width":2000},{"key":"variants\/PyaK0ENY60g5woGY6htQJ3yz5rBaPAJbKVoDvQY4-2600.webp","width":2600}]},"photo_subtitle":"Montage par LM.","youtube_embed_video_url":null,"thumbnail_path":null,"views_count":308,"exclusive":0,"published_at":"2026-09-01T00:20:30.000000Z","featured_until":"2026-09-27T00:26:33.000000Z","intro_audio_url":null,"full_audio_url":"https:\/\/lm-audio.tor1.digitaloceanspaces.com\/lm-audio\/audios\/article_2701_dictation.mp3","audio_last_generated_at":"2026-09-01T00:39:09.000000Z","created_at":"2026-09-01T00:29:13.000000Z","updated_at":"2026-09-01T14:20:21.000000Z","category_id":5,"send_push_notif":1,"push_notif_sent":"2026-09-01T00:30:51.000000Z","link":"https:\/\/libre-media.com\/2026\/08\/31\/jerome-blanchet-gravel-publie-la-societe-chalet","photo_link":"https:\/\/lm-articles.nyc3.cdn.digitaloceanspaces.com\/PyaK0ENY60g5woGY6htQJ3yz5rBaPAJbKVoDvQY4.webp","photo":{"fallback_url":"https:\/\/lm-articles.nyc3.cdn.digitaloceanspaces.com\/PyaK0ENY60g5woGY6htQJ3yz5rBaPAJbKVoDvQY4.webp","width":3072,"height":1844,"variants":[{"width":400,"url":"https:\/\/lm-articles.nyc3.cdn.digitaloceanspaces.com\/variants\/PyaK0ENY60g5woGY6htQJ3yz5rBaPAJbKVoDvQY4-400.webp"},{"width":800,"url":"https:\/\/lm-articles.nyc3.cdn.digitaloceanspaces.com\/variants\/PyaK0ENY60g5woGY6htQJ3yz5rBaPAJbKVoDvQY4-800.webp"},{"width":1400,"url":"https:\/\/lm-articles.nyc3.cdn.digitaloceanspaces.com\/variants\/PyaK0ENY60g5woGY6htQJ3yz5rBaPAJbKVoDvQY4-1400.webp"},{"width":2000,"url":"https:\/\/lm-articles.nyc3.cdn.digitaloceanspaces.com\/variants\/PyaK0ENY60g5woGY6htQJ3yz5rBaPAJbKVoDvQY4-2000.webp"},{"width":2600,"url":"https:\/\/lm-articles.nyc3.cdn.digitaloceanspaces.com\/variants\/PyaK0ENY60g5woGY6htQJ3yz5rBaPAJbKVoDvQY4-2600.webp"}]},"published_at_formatted":"Lundi le 31 ao\u00fbt 2026, \u00e0 20:20","excerpts":"<p style=\"line-height: 1.5;\"><span style=\"font-size: 18pt;\">J\u00e9r\u00f4me Blanchet-Gravel fait para\u00eetre <em>La soci\u00e9t\u00e9-chalet<\/em>, un livre dans lequel il fustige la peur du risque et le conformisme qui se sont accentu\u00e9s au Qu\u00e9bec et...","category":{"id":5,"name":"Culture","slug":"Culture","banner_photo":"pFqdOhFEofxnOXqDFfHdnGWJwSakPnRGj7YxSUKM.jpg","order":6,"color":"#fca869","_lft":13,"_rgt":14,"parent_id":null,"created_at":null,"updated_at":"2023-02-17T19:53:02.000000Z","color_code":"fca869","banner_link":"https:\/\/lm-articles.nyc3.cdn.digitaloceanspaces.com\/pFqdOhFEofxnOXqDFfHdnGWJwSakPnRGj7YxSUKM.jpg"},"tags":[{"id":10,"name":{"fr":"Qu\u00e9bec"},"slug":{"fr":"quebec"},"type":null,"order_column":10,"created_at":"2023-09-06T18:33:55.000000Z","updated_at":"2023-09-06T18:33:55.000000Z","pivot":{"taggable_type":"App\\Models\\Article","taggable_id":2701,"tag_id":10}},{"id":16,"name":{"fr":"Canada"},"slug":{"fr":"canada"},"type":null,"order_column":16,"created_at":"2023-09-09T22:17:06.000000Z","updated_at":"2023-09-09T22:17:06.000000Z","pivot":{"taggable_type":"App\\Models\\Article","taggable_id":2701,"tag_id":16}},{"id":262,"name":{"fr":"d\u00e9clin"},"slug":{"fr":"declin"},"type":null,"order_column":256,"created_at":"2024-09-03T17:55:15.000000Z","updated_at":"2024-09-03T17:55:15.000000Z","pivot":{"taggable_type":"App\\Models\\Article","taggable_id":2701,"tag_id":262}},{"id":497,"name":{"fr":"livre"},"slug":{"fr":"livre"},"type":null,"order_column":489,"created_at":"2025-11-11T00:31:04.000000Z","updated_at":"2025-11-11T00:31:04.000000Z","pivot":{"taggable_type":"App\\Models\\Article","taggable_id":2701,"tag_id":497}}]},{"id":2700,"user_id":5057,"slug":"royaume-uni-des-enfants-de-cinq-ans-signales-pour-mariage-force","title":"Royaume-Uni: des enfants de cinq ans signal\u00e9s pour mariage forc\u00e9","subtitle":null,"lead":null,"content":"<p style=\"line-height: 1.3;\"><span style=\"font-size: 18pt;\"><strong>Au moins 100 enfants de 12 ans ou moins ont \u00e9t\u00e9 signal\u00e9s aux autorit\u00e9s britanniques pour des mariages forc\u00e9s r\u00e9els, possibles ou soup\u00e7onn\u00e9s entre 2021 et 2025. Parmi eux, 27 avaient cinq ans ou moins.<\/strong><\/span><\/p>\r\n<p style=\"line-height: 1.5;\">\u00a0<\/p>\r\n<p style=\"line-height: 1.5;\"><span style=\"font-size: 14pt;\">Des enfants \u00e2g\u00e9s de cinq ans ou moins figurent parmi les victimes potentielles de mariages forc\u00e9s signal\u00e9es au Royaume-Uni, r\u00e9v\u00e8lent\u00a0<a href=\"https:\/\/www.gov.uk\/government\/statistics\/forced-marriage-unit-statistics-2025\/forced-marriage-unit-statistics-2025\">des donn\u00e9es<\/a> du Home Office obtenues par demande d\u2019acc\u00e8s \u00e0 l\u2019information et\u00a0<a href=\"https:\/\/www.telegraph.co.uk\/news\/2026\/08\/31\/children-under-five-being-forced-into-marriage\/?utm_source=chatgpt.com\">rapport\u00e9es lundi par le <em>Telegraph<\/em><\/a><em>.<\/em><\/span><\/p>\r\n<p style=\"line-height: 1.5;\">\u00a0<\/p>\r\n<p style=\"line-height: 1.5;\"><span style=\"font-size: 18pt;\"><strong>Au moins 100 victimes depuis 2021<\/strong><\/span><\/p>\r\n<p style=\"line-height: 1.5;\">\u00a0<\/p>\r\n<p style=\"line-height: 1.5;\"><span style=\"font-size: 14pt;\">Entre 2021 et 2025, au moins 100 enfants \u00e2g\u00e9s de 12 ans ou moins ont \u00e9t\u00e9 r\u00e9f\u00e9r\u00e9s \u00e0 la\u00a0<em>Forced Marriage Unit<\/em> (FMU), l\u2019unit\u00e9 gouvernementale charg\u00e9e des mariages forc\u00e9s. Parmi eux, 62 avaient dix ans ou moins et 27 avaient cinq ans ou moins. Le Home Office a refus\u00e9 de r\u00e9v\u00e9ler l\u2019\u00e2ge du plus jeune enfant concern\u00e9 afin d\u2019\u00e9viter qu\u2019il puisse \u00eatre identifi\u00e9.<\/span><\/p>\r\n<p style=\"line-height: 1.5;\">\u00a0<\/p>\r\n<p style=\"line-height: 1.5;\"><span style=\"font-size: 14pt;\">Un signalement ne signifie toutefois pas n\u00e9cessairement qu\u2019un mariage a effectivement eu lieu. Selon le Home Office, il peut s\u2019agir d\u2019un mariage forc\u00e9 r\u00e9el, potentiel ou soup\u00e7onn\u00e9. <\/span><\/p>\r\n<p style=\"line-height: 1.5;\">\u00a0<\/p>\r\n<p style=\"line-height: 1.5;\"><span style=\"font-size: 14pt;\">Dans le cas de tr\u00e8s jeunes enfants, certains peuvent notamment avoir \u00e9t\u00e9 promis \u00e0 un futur conjoint plusieurs ann\u00e9es avant que le mariage ne soit pr\u00e9vu.<\/span><\/p>\r\n<p style=\"line-height: 1.5;\">\u00a0<\/p>\r\n<p style=\"line-height: 1.5;\"><span style=\"font-size: 14pt;\">Dame Jasvinder Sanghera, militante britannique qui a elle-m\u00eame fui sa famille \u00e0 14 ans pour \u00e9chapper \u00e0 un mariage forc\u00e9, a qualifi\u00e9 les chiffres de \u00abprofond\u00e9ment troublants\u00bb. Elle pr\u00e9vient \u00e9galement que certains enfants pourraient manquer \u00e0 l\u2019appel \u00e0 la rentr\u00e9e scolaire et appelle les enseignants et les professionnels \u00e0 signaler davantage les situations suspectes.<\/span><\/p>\r\n<p style=\"line-height: 1.5;\">\u00a0<\/p>\r\n<p style=\"line-height: 1.5; text-align: center;\"><strong><span style=\"font-size: 18pt; font-family: verdana, geneva, sans-serif;\">\u00c0 lire aussi: <a href=\"..\/..\/..\/2026\/06\/17\/au-royaume-uni-un-rapport-relance-le-scandale-des-gangs-de-violeurs?utm_source=chatgpt.com\">Au Royaume-Uni, un rapport relance le scandale des gangs de violeurs<\/a><\/span><\/strong><\/p>\r\n<p style=\"line-height: 1.5;\">\u00a0<\/p>\r\n<p style=\"line-height: 1.5;\"><span style=\"font-size: 14pt;\">Depuis 2023, l\u2019\u00e2ge minimal du mariage est fix\u00e9 \u00e0 18 ans en Angleterre et au pays de Galles. Forcer quelqu\u2019un \u00e0 se marier constitue par ailleurs une infraction criminelle au Royaume-Uni.<\/span><\/p>\r\n<p style=\"line-height: 1.5;\">\u00a0<\/p>\r\n<p style=\"line-height: 1.5;\"><strong><span style=\"font-size: 18pt;\">Les filles pakistanaises en t\u00eate des victimes\u00a0<\/span><\/strong><\/p>\r\n<p>\u00a0<\/p>\r\n<p style=\"line-height: 1.5;\"><span style=\"font-size: 14pt;\">Les statistiques g\u00e9n\u00e9rales de la <em>Forced Marriage Unit<\/em> permettent aussi de savoir \u00e0 quels pays les dossiers de mariage forc\u00e9 sont rattach\u00e9s.<\/span><\/p>\r\n<p style=\"line-height: 1.5;\">\u00a0<\/p>\r\n<p style=\"line-height: 1.5;\"><span style=\"font-size: 14pt;\">Dans l\u2019ensemble des cas trait\u00e9s en 2025, le Pakistan arrivait tr\u00e8s largement en t\u00eate avec 165 dossiers, soit 41% du total. Suivaient le Bangladesh avec 9% et l\u2019Afghanistan avec 7%. Ces trois pays \u00e0 majorit\u00e9 musulmane repr\u00e9sentaient donc \u00e0 eux seuls 57% des 406 dossiers trait\u00e9s cette ann\u00e9e-l\u00e0.<\/span><\/p>\r\n<p style=\"line-height: 1.5;\">\u00a0<\/p>\r\n<p style=\"line-height: 1.5;\"><span style=\"font-size: 14pt;\">Il faut cependant bien comprendre ce que mesure le Home Office. Le \u00abpays de r\u00e9f\u00e9rence\u00bb n\u2019est pas n\u00e9cessairement le pays de naissance ou la nationalit\u00e9 de la victime. C\u2019est le pays auquel le mariage forc\u00e9 est li\u00e9: celui o\u00f9 il doit avoir lieu, o\u00f9 il a d\u00e9j\u00e0 eu lieu ou encore celui o\u00f9 r\u00e9side le conjoint.<\/span><\/p>\r\n<p style=\"line-height: 1.5;\">\u00a0<\/p>\r\n<p style=\"line-height: 1.5;\"><span style=\"font-size: 14pt;\">Les victimes se trouvent d\u2019ailleurs tr\u00e8s souvent d\u00e9j\u00e0 au Royaume-Uni. Parmi les dossiers li\u00e9s au Pakistan en 2025, 75% des victimes \u00e9taient au Royaume-Uni au moment du signalement. Cette proportion atteignait 86% dans les dossiers li\u00e9s au Bangladesh et 79% dans ceux li\u00e9s \u00e0 l\u2019Afghanistan.<\/span><\/p>\r\n<p style=\"line-height: 1.5;\">\u00a0<\/p>\r\n<p style=\"line-height: 1.5;\"><span style=\"font-size: 14pt;\">Le ph\u00e9nom\u00e8ne peut \u00e9galement se d\u00e9rouler enti\u00e8rement sur le territoire britannique: 58 dossiers trait\u00e9s en 2025, soit 14% du total, ne comportaient aucun \u00e9l\u00e9ment \u00e9tranger.<\/span><\/p>\r\n<p style=\"line-height: 1.5;\">\u00a0<\/p>\r\n<p style=\"line-height: 1.5; text-align: center;\"><strong><span style=\"font-size: 18pt; font-family: verdana, geneva, sans-serif;\">\u00c0 lire aussi: <a href=\"..\/..\/..\/2026\/08\/25\/limmigration-bouscule-le-portugal-qui-interdit-le-voile-integral?utm_source=chatgpt.com\">L\u2019immigration bouscule le Portugal, qui interdit le voile int\u00e9gral<\/a><\/span><\/strong><\/p>\r\n<p style=\"line-height: 1.5;\">\u00a0<\/p>\r\n<p style=\"line-height: 1.5;\"><span style=\"font-size: 14pt;\">Le Pakistan domine ces statistiques depuis plusieurs ann\u00e9es. Il repr\u00e9sentait 49% des dossiers en 2023 et 45% en 2024. Le Bangladesh et l\u2019Afghanistan figuraient eux aussi parmi les principaux pays de r\u00e9f\u00e9rence.<\/span><\/p>\r\n<p style=\"line-height: 1.5;\">\u00a0<\/p>\r\n<p style=\"line-height: 1.5;\">\u00a0<\/p>","photo_path":"HAGrnZMOTuDT6dnxOVnD88EU27fzNG1qoti11zoN.webp","photo_width":1200,"photo_height":800,"photo_meta":{"v":1,"width":1200,"height":800,"variants":[{"key":"variants\/HAGrnZMOTuDT6dnxOVnD88EU27fzNG1qoti11zoN-400.webp","width":400},{"key":"variants\/HAGrnZMOTuDT6dnxOVnD88EU27fzNG1qoti11zoN-800.webp","width":800},{"key":"variants\/HAGrnZMOTuDT6dnxOVnD88EU27fzNG1qoti11zoN-1200.webp","width":1200}]},"photo_subtitle":"Photo: AFP.","youtube_embed_video_url":null,"thumbnail_path":null,"views_count":594,"exclusive":1,"published_at":"2026-08-31T18:25:54.000000Z","featured_until":"2026-09-01T18:26:56.000000Z","intro_audio_url":null,"full_audio_url":"https:\/\/lm-audio.tor1.digitaloceanspaces.com\/lm-audio\/audios\/article_2700_dictation.mp3","audio_last_generated_at":"2026-08-31T18:39:30.000000Z","created_at":"2026-08-31T18:27:38.000000Z","updated_at":"2026-09-02T13:22:42.000000Z","category_id":3,"send_push_notif":1,"push_notif_sent":"2026-08-31T18:28:48.000000Z","link":"https:\/\/libre-media.com\/2026\/08\/31\/royaume-uni-des-enfants-de-cinq-ans-signales-pour-mariage-force","photo_link":"https:\/\/lm-articles.nyc3.cdn.digitaloceanspaces.com\/HAGrnZMOTuDT6dnxOVnD88EU27fzNG1qoti11zoN.webp","photo":{"fallback_url":"https:\/\/lm-articles.nyc3.cdn.digitaloceanspaces.com\/HAGrnZMOTuDT6dnxOVnD88EU27fzNG1qoti11zoN.webp","width":1200,"height":800,"variants":[{"width":400,"url":"https:\/\/lm-articles.nyc3.cdn.digitaloceanspaces.com\/variants\/HAGrnZMOTuDT6dnxOVnD88EU27fzNG1qoti11zoN-400.webp"},{"width":800,"url":"https:\/\/lm-articles.nyc3.cdn.digitaloceanspaces.com\/variants\/HAGrnZMOTuDT6dnxOVnD88EU27fzNG1qoti11zoN-800.webp"},{"width":1200,"url":"https:\/\/lm-articles.nyc3.cdn.digitaloceanspaces.com\/variants\/HAGrnZMOTuDT6dnxOVnD88EU27fzNG1qoti11zoN-1200.webp"}]},"published_at_formatted":"Lundi le 31 ao\u00fbt 2026, \u00e0 14:25","excerpts":"<p style=\"line-height: 1.3;\"><span style=\"font-size: 18pt;\">Au moins 100 enfants de 12 ans ou moins ont \u00e9t\u00e9 signal\u00e9s aux autorit\u00e9s britanniques pour des mariages forc\u00e9s r\u00e9els, possibles ou soup\u00e7onn\u00e9s entre 2021 et...","category":{"id":3,"name":"Monde","slug":"monde","banner_photo":"fRRRkvjJLFdlW30gEtaOUHrXB7HxhyttrIZpi3JH.jpg","order":3,"color":"#fa636d","_lft":9,"_rgt":10,"parent_id":null,"created_at":null,"updated_at":"2022-05-09T05:23:04.000000Z","color_code":"fa636d","banner_link":"https:\/\/lm-articles.nyc3.cdn.digitaloceanspaces.com\/fRRRkvjJLFdlW30gEtaOUHrXB7HxhyttrIZpi3JH.jpg"},"tags":[{"id":21,"name":{"fr":"Religion"},"slug":{"fr":"religion"},"type":null,"order_column":21,"created_at":"2023-09-11T23:05:27.000000Z","updated_at":"2023-09-11T23:05:27.000000Z","pivot":{"taggable_type":"App\\Models\\Article","taggable_id":2700,"tag_id":21}},{"id":58,"name":{"fr":"islamisme"},"slug":{"fr":"islamisme"},"type":null,"order_column":58,"created_at":"2023-10-09T22:37:49.000000Z","updated_at":"2023-10-09T22:37:49.000000Z","pivot":{"taggable_type":"App\\Models\\Article","taggable_id":2700,"tag_id":58}},{"id":118,"name":{"fr":"Pakistan"},"slug":{"fr":"pakistan"},"type":null,"order_column":117,"created_at":"2024-01-09T15:56:56.000000Z","updated_at":"2024-01-09T15:56:56.000000Z","pivot":{"taggable_type":"App\\Models\\Article","taggable_id":2700,"tag_id":118}},{"id":181,"name":{"fr":"Royaume-Uni"},"slug":{"fr":"royaume-uni"},"type":null,"order_column":178,"created_at":"2024-04-11T20:13:30.000000Z","updated_at":"2024-04-11T20:13:30.000000Z","pivot":{"taggable_type":"App\\Models\\Article","taggable_id":2700,"tag_id":181}},{"id":365,"name":{"fr":"islam"},"slug":{"fr":"islam"},"type":null,"order_column":359,"created_at":"2025-03-04T15:46:58.000000Z","updated_at":"2025-03-04T15:46:58.000000Z","pivot":{"taggable_type":"App\\Models\\Article","taggable_id":2700,"tag_id":365}}]},{"id":2699,"user_id":7866,"slug":"et-si-cetait-au-tour-des-electeurs-de-faire-des-promesses","title":"Et si c\u2019\u00e9tait au tour des \u00e9lecteurs de faire des promesses?","subtitle":null,"lead":null,"content":"<p style=\"line-height: 1.5;\"><span style=\"font-size: 18pt;\"><strong>Au Qu\u00e9bec, notre principal ennemi est moins Donald Trump que l\u2019immobilisme.<\/strong><\/span><\/p>\r\n<p style=\"line-height: 1.5;\">\u00a0<\/p>\r\n<p style=\"line-height: 1.5;\"><span style=\"font-size: 14pt;\">En ce d\u00e9but de campa<\/span><span style=\"font-size: 14pt;\">gne, l\u2019h\u00e9sitation r\u00e8gne chez bon nombre d\u2019\u00e9lecteurs. Or, s\u2019il est une chose claire comme le jour, c\u2019est que, face aux nombreux et profonds d\u00e9fis qui attendent le prochain gouvernement, une vaste part de l\u2019\u00e9lectorat n\u2019a aucun app\u00e9tit pour les fausses promesses, la pens\u00e9e magique ou les \u00abbonbons\u00bb.<\/span><\/p>\r\n<p style=\"line-height: 1.5;\">\u00a0<\/p>\r\n<p style=\"line-height: 1.5;\"><span style=\"font-size: 14pt;\">Nous avons mordu \u00e0 l\u2019hame\u00e7on trop souvent. Les grandes esp\u00e9rances d\u00e9\u00e7ues ont c\u00e9d\u00e9 la place \u00e0 un certain pragmatisme.<\/span><\/p>\r\n<p style=\"line-height: 1.5;\">\u00a0<\/p>\r\n<p style=\"line-height: 1.5;\"><span style=\"font-size: 14pt;\">Plusieurs sondages r\u00e9cents indiquent d\u2019ailleurs que les citoyens paraissent fin pr\u00eats pour un virage vers un gouvernement responsable, qui prendra les d\u00e9cisions qui s\u2019imposent plut\u00f4t que les d\u00e9cisions faciles ou populaires.<\/span><\/p>\r\n<p style=\"line-height: 1.5;\">\u00a0<\/p>\r\n<p style=\"line-height: 1.5;\"><span style=\"font-size: 18pt;\"><strong>Des chiffres parlants<\/strong><\/span><\/p>\r\n<p style=\"line-height: 1.5;\">\u00a0<\/p>\r\n<p style=\"line-height: 1.5;\"><span style=\"font-size: 14pt;\">Commen\u00e7ons par <a href=\"https:\/\/cffp.recherche.usherbrooke.ca\/lequilibre-budgetaire-en-cinq-perspectives-quen-pense-la-population-quebecoise\/\">l\u2019\u00e9tude<\/a> r\u00e9alis\u00e9e par la Chaire en fiscalit\u00e9 et en finances publiques, qui a r\u00e9v\u00e9l\u00e9 que 86 % des Qu\u00e9b\u00e9cois consid\u00e8rent que le retour \u00e0 l\u2019\u00e9quilibre budg\u00e9taire devrait constituer une priorit\u00e9 de cette campagne.<\/span><\/p>\r\n<p style=\"line-height: 1.5;\">\u00a0<\/p>\r\n<p style=\"line-height: 1.5;\"><span style=\"font-size: 14pt;\">Avec le vilain <a href=\"https:\/\/www.journaldequebec.com\/2026\/08\/17\/rapport-preelectoral-atteindre-lequilibre-budgetaire-sera-tout-un-defi-avec-pres-de-5-milliards--a-trouver\">trou de cinq milliards<\/a> que la CAQ refile au prochain gouvernement, pas \u00e9tonnant qu\u2019il s\u2019agisse d\u2019une n\u00e9cessit\u00e9 aux yeux des Qu\u00e9b\u00e9cois, tout comme la <a href=\"https:\/\/www.journaldemontreal.com\/2026\/01\/27\/la-majorite-des-quebecois-appuient-les-coupures-dans-la-bureaucratie\">r\u00e9duction de la bureaucratie<\/a>, elle aussi appuy\u00e9e par une majorit\u00e9.<\/span><\/p>\r\n<p style=\"line-height: 1.5; text-align: center;\">\u00a0<\/p>\r\n<p style=\"line-height: 1.5; text-align: center;\"><span style=\"font-size: 14pt;\"><strong><span style=\"font-size: 18pt; font-family: verdana, geneva, sans-serif;\">\u00c0 lire aussi: <a href=\"..\/..\/..\/2026\/06\/08\/des-cles-pour-comprendre-la-dette-publique-du-quebec\">Des cl\u00e9s pour comprendre la dette publique du Qu\u00e9bec<\/a><\/span><br><br><\/strong><\/span><\/p>\r\n<p style=\"line-height: 1.5;\"><span style=\"font-size: 14pt;\">Mentionnons ensuite le r\u00e9cent <a href=\"https:\/\/www.oiq.qc.ca\/publication\/sondage-leger-sur-letat-des-infrastructures-la-refection-des-infrastructures-existantes-doit-etre-la-priorite-du-prochain-gouvernement-selon-la-population\/\">sondage L\u00e9ger<\/a> command\u00e9 par l\u2019Ordre des ing\u00e9nieurs du Qu\u00e9bec, selon lequel 80 % des Qu\u00e9b\u00e9cois estiment que la crise des infrastructures requiert une attention urgente.<br><br><\/span><\/p>\r\n<p style=\"line-height: 1.5;\"><span style=\"font-size: 14pt;\">Enfin, m\u00eame lorsqu\u2019il est question d\u2019\u00e9ventuelles mesures d\u2019aide dans le contexte de la guerre commerciale, un <a href=\"https:\/\/angusreid.org\/wp-content\/uploads\/2026\/08\/2026.08.24_US_Trade_part_2.pdf\">sondage Angus Reid<\/a> montre que la majorit\u00e9 des citoyens pr\u00e9f\u00e8re qu\u2019elles soient financ\u00e9es par des coupes budg\u00e9taires plut\u00f4t que par des taxes ou par l\u2019endettement.<br><br><\/span><\/p>\r\n<p style=\"line-height: 1.5;\"><span style=\"font-size: 14pt;\">Bref, la gestion responsable rallie. Et les citoyens semblent dispos\u00e9s \u00e0 garder la t\u00eate froide, m\u00eame sur des sujets \u00e9motifs.<br><br><\/span><\/p>\r\n<p style=\"line-height: 1.5;\"><span style=\"font-size: 14pt;\"><strong><span style=\"font-size: 18pt;\">Tenir le cap<\/span><br><br><\/strong><\/span><\/p>\r\n<p style=\"line-height: 1.5;\"><span style=\"font-size: 14pt;\">Cela dit, malgr\u00e9 un accord non \u00e9quivoque sur la direction \u00e0 suivre, c\u2019est souvent lorsqu\u2019arrive le temps de s\u2019entendre sur les moyens de se rendre \u00e0 bon port que le b\u00e2t blesse. <\/span><\/p>\r\n<p style=\"line-height: 1.5;\">\u00a0<\/p>\r\n<p style=\"line-height: 1.5;\"><span style=\"font-size: 14pt;\">In\u00e9vitablement, de tels changements provoquent l\u2019ire de certains groupes, ce qui finit par \u00e9clipser m\u00eame le plus solide des consensus.<\/span><\/p>\r\n<p style=\"line-height: 1.5;\">\u00a0<\/p>\r\n<p style=\"line-height: 1.5;\"><span style=\"font-size: 14pt;\">C\u2019est l\u00e0 qu\u2019une promesse de l\u2019\u00e9lectorat pourrait s\u2019av\u00e9rer utile, car il y a un monde entre souhaiter un gouvernement responsable en principe et le soutenir lorsque ses d\u00e9cisions nous touchent. Si l\u2019\u00e9lectorat s\u2019engageait \u00e0 tenir le cap par-del\u00e0 l\u2019\u00e9lection, cela rendrait la t\u00e2che ardue du prochain gouvernement un tantinet plus facile.<\/span><\/p>\r\n<p style=\"line-height: 1.5;\">\u00a0<\/p>\r\n<p style=\"line-height: 1.5;\"><span style=\"font-size: 14pt;\">\u00c0 cet \u00e9gard, la Ville de Longueuil devrait nous servir d\u2019inspiration. Le flegme des Longueillois m\u00e9rite en effet d\u2019\u00eatre salu\u00e9, eux qui appuient r\u00e9solument leur mairesse dans son approche peu <em>sexy<\/em>, mais responsable, qui consiste \u00e0 prioriser la r\u00e9fection de l\u2019existant plut\u00f4t que les coupes de ruban.<\/span><\/p>\r\n<p style=\"line-height: 1.5;\">\u00a0<\/p>\r\n<p style=\"line-height: 1.5;\"><span style=\"font-size: 14pt;\">Il faut \u00e9galement souligner le talent de la mairesse Fournier, qui a su expliquer son raisonnement et convaincre la population d\u2019adh\u00e9rer \u00e0 une approche <em>a priori<\/em> peu enthousiasmante. Comme quoi s\u2019adresser \u00e0 l\u2019intelligence des gens peut susciter une approbation durable dans un milieu o\u00f9, d\u2019ordinaire, peu de choses le sont. Esp\u00e9rons que les candidats provinciaux sauront suivre son exemple.<\/span><\/p>\r\n<p style=\"line-height: 1.5;\">\u00a0<\/p>\r\n<p style=\"line-height: 1.5; text-align: center;\"><span style=\"font-size: 18pt; font-family: verdana, geneva, sans-serif;\"><strong>\u00c0 lire aussi: <a href=\"..\/..\/..\/2026\/07\/22\/un-train-a-grande-vitesse-vers-la-dette\">Un train \u00e0 grande vitesse vers la dette\u00a0<\/a><\/strong><\/span><\/p>\r\n<p style=\"line-height: 1.5;\">\u00a0<\/p>\r\n<p style=\"line-height: 1.5;\"><span style=\"font-size: 14pt;\">\u00c0 l\u2019amorce d\u2019une campagne qui s\u2019annonce enlevante, l\u2019\u00e9lectorat semble d\u00e9termin\u00e9 \u00e0 tenir le cap, du moins sur papier. Souhaitons que nous ne perdions pas le nord d\u00e8s la poussi\u00e8re de l\u2019\u00e9lection retomb\u00e9e.<\/span><\/p>\r\n<p style=\"line-height: 1.5;\">\u00a0<\/p>\r\n<p style=\"line-height: 1.5;\"><span style=\"font-size: 14pt;\">Comme nous y invite l\u2019improbable duo <a href=\"https:\/\/www.lapresse.ca\/elections-quebecoises\/chroniques\/2026-08-27\/elections-quebecoises\/c-est-quoi-le-plan.php\">Lagac\u00e9<\/a>\u2013<a href=\"https:\/\/www.journaldemontreal.com\/2026\/08\/27\/detrumpiser-la-campagne-electorale\">Bock-C\u00f4t\u00e9<\/a>, souhaitons surtout que nous puissions nous promettre, en d\u00e9pit des \u00e9pouvantails et des diverses tentatives de confiscation du d\u00e9bat, de rester concentr\u00e9s sur NOTRE \u00e9lection et sur NOS enjeux, qui, ma foi, m\u00e9ritent toute notre attention.<\/span><\/p>\r\n<p style=\"line-height: 1.5;\">\u00a0<\/p>\r\n<p style=\"line-height: 1.5; text-align: center;\"><span style=\"font-size: 18pt; font-family: verdana, geneva, sans-serif;\"><strong>\u00c0 lire aussi: <a href=\"..\/..\/..\/2026\/07\/14\/perequation-le-debat-que-la-campagne-electorale-2026-ne-peut-eviter\">P\u00e9r\u00e9quation: le d\u00e9bat que la campagne \u00e9lectorale 2026 ne peut \u00e9viter<\/a><\/strong><\/span><\/p>\r\n<p style=\"line-height: 1.5;\">\u00a0<\/p>\r\n<p style=\"line-height: 1.5;\"><span style=\"font-size: 14pt;\">Apr\u00e8s tout, dans l\u2019\u00e9tat actuel de nos finances, de nos infrastructures et de nos services publics, notre principal ennemi est moins Trump que l\u2019immobilisme.<\/span><\/p>\r\n<p style=\"line-height: 1.5;\">\u00a0<\/p>","photo_path":"O1PxP4bBVQXoKnVXFoNGsOtyel7m1IdNKj05EWC9.webp","photo_width":1800,"photo_height":1200,"photo_meta":{"v":1,"width":1800,"height":1200,"variants":[{"key":"variants\/O1PxP4bBVQXoKnVXFoNGsOtyel7m1IdNKj05EWC9-400.webp","width":400},{"key":"variants\/O1PxP4bBVQXoKnVXFoNGsOtyel7m1IdNKj05EWC9-800.webp","width":800},{"key":"variants\/O1PxP4bBVQXoKnVXFoNGsOtyel7m1IdNKj05EWC9-1400.webp","width":1400},{"key":"variants\/O1PxP4bBVQXoKnVXFoNGsOtyel7m1IdNKj05EWC9-1800.webp","width":1800}]},"photo_subtitle":"Photo: AFP.","youtube_embed_video_url":null,"thumbnail_path":null,"views_count":390,"exclusive":0,"published_at":"2026-08-31T13:45:18.000000Z","featured_until":"2026-08-30T13:42:21.000000Z","intro_audio_url":null,"full_audio_url":"https:\/\/lm-audio.tor1.digitaloceanspaces.com\/lm-audio\/audios\/article_2699_dictation.mp3","audio_last_generated_at":"2026-08-31T13:45:40.000000Z","created_at":"2026-08-31T13:44:16.000000Z","updated_at":"2026-09-01T00:30:53.000000Z","category_id":2,"send_push_notif":1,"push_notif_sent":"2026-08-31T13:46:51.000000Z","link":"https:\/\/libre-media.com\/2026\/08\/31\/et-si-cetait-au-tour-des-electeurs-de-faire-des-promesses","photo_link":"https:\/\/lm-articles.nyc3.cdn.digitaloceanspaces.com\/O1PxP4bBVQXoKnVXFoNGsOtyel7m1IdNKj05EWC9.webp","photo":{"fallback_url":"https:\/\/lm-articles.nyc3.cdn.digitaloceanspaces.com\/O1PxP4bBVQXoKnVXFoNGsOtyel7m1IdNKj05EWC9.webp","width":1800,"height":1200,"variants":[{"width":400,"url":"https:\/\/lm-articles.nyc3.cdn.digitaloceanspaces.com\/variants\/O1PxP4bBVQXoKnVXFoNGsOtyel7m1IdNKj05EWC9-400.webp"},{"width":800,"url":"https:\/\/lm-articles.nyc3.cdn.digitaloceanspaces.com\/variants\/O1PxP4bBVQXoKnVXFoNGsOtyel7m1IdNKj05EWC9-800.webp"},{"width":1400,"url":"https:\/\/lm-articles.nyc3.cdn.digitaloceanspaces.com\/variants\/O1PxP4bBVQXoKnVXFoNGsOtyel7m1IdNKj05EWC9-1400.webp"},{"width":1800,"url":"https:\/\/lm-articles.nyc3.cdn.digitaloceanspaces.com\/variants\/O1PxP4bBVQXoKnVXFoNGsOtyel7m1IdNKj05EWC9-1800.webp"}]},"published_at_formatted":"Lundi le 31 ao\u00fbt 2026, \u00e0 09:45","excerpts":"<p style=\"line-height: 1.5;\"><span style=\"font-size: 18pt;\">Au Qu\u00e9bec, notre principal ennemi est moins Donald Trump que l\u2019immobilisme.<\/span><\/p>\r\n<p style=\"line-height: 1.5;\">\u00a0<\/p>\r\n<p style=\"line-height: 1.5;\"><span style=\"font-size: 14pt;\">En ce d\u00e9but de campa<\/span><span style=\"font-size: 14pt;\">gne,...","category":{"id":2,"name":"Id\u00e9es","slug":"idees","banner_photo":"sV8c0QQA1AXJY2bpoT7zUCqc1OAlvUxG53asVBPv.jpg","order":2,"color":"#d3fc6c","_lft":3,"_rgt":8,"parent_id":null,"created_at":null,"updated_at":"2022-05-09T05:22:46.000000Z","color_code":"d3fc6c","banner_link":"https:\/\/lm-articles.nyc3.cdn.digitaloceanspaces.com\/sV8c0QQA1AXJY2bpoT7zUCqc1OAlvUxG53asVBPv.jpg"},"tags":[{"id":10,"name":{"fr":"Qu\u00e9bec"},"slug":{"fr":"quebec"},"type":null,"order_column":10,"created_at":"2023-09-06T18:33:55.000000Z","updated_at":"2023-09-06T18:33:55.000000Z","pivot":{"taggable_type":"App\\Models\\Article","taggable_id":2699,"tag_id":10}},{"id":167,"name":{"fr":"\u00c9lections"},"slug":{"fr":"elections"},"type":null,"order_column":164,"created_at":"2024-03-07T16:54:22.000000Z","updated_at":"2024-03-07T16:54:22.000000Z","pivot":{"taggable_type":"App\\Models\\Article","taggable_id":2699,"tag_id":167}}]},{"id":2698,"user_id":8122,"slug":"caroline-proulx-larrogance-du-pouvoir-mise-en-echec","title":"Caroline Proulx: l\u2019arrogance du pouvoir mise en \u00e9chec","subtitle":null,"lead":null,"content":"<p style=\"line-height: 1.5;\"><span style=\"font-size: 18pt;\"><strong>En condamnant Caroline Proulx pour avoir voulu exclure des voix dissidentes de l\u2019espace public, la Justice a inflig\u00e9 un d\u00e9saveu cinglant \u00e0 l\u2019arrogance d\u2019un pouvoir qui pr\u00e9tend d\u00e9cider seul des opinions acceptables.<\/strong><\/span><\/p>\r\n<p style=\"line-height: 1.5;\">\u00a0<\/p>\r\n<p style=\"line-height: 1.5;\"><em><span style=\"font-size: 14pt;\">John Carpay, B.A., LL.B., est pr\u00e9sident du Centre juridique pour les libert\u00e9s constitutionnelles (CJLC), qui a financ\u00e9 la poursuite intent\u00e9e par <\/span><\/em><span style=\"font-size: 14pt;\">Harvest Ministries<\/span><em><span style=\"font-size: 14pt;\"> contre l'ex-ministre Caroline Proulx.<\/span><\/em><\/p>\r\n<p style=\"line-height: 1.5;\">\u00a0<\/p>\r\n<p style=\"line-height: 1.5;\"><span style=\"font-size: 14pt;\">Les espaces publics et les installations gouvernementales devraient-ils \u00eatre r\u00e9serv\u00e9s uniquement \u00e0 ceux qui professent les opinions \u00abcorrectes\u00bb, conformes \u00e0 l\u2019opinion majoritaire ou aux convictions du gouvernement? Fin juillet dernier, la Cour sup\u00e9rieure du Qu\u00e9bec a r\u00e9pondu par un NON retentissant.\u00a0<\/span><\/p>\r\n<p style=\"line-height: 1.5;\">\u00a0<\/p>\r\n<p style=\"line-height: 1.5;\"><span style=\"font-size: 18pt;\"><strong>Une intervention id\u00e9ologique\u00a0<\/strong><\/span><\/p>\r\n<p style=\"line-height: 1.5;\">\u00a0<\/p>\r\n<p style=\"line-height: 1.5;\"><span style=\"font-size: 14pt;\">Le juge Alain Trudel a ordonn\u00e9 \u00e0 la ministre du Tourisme du Qu\u00e9bec, Caroline Proulx, de verser 60 637 $ en dommages-int\u00e9r\u00eats g\u00e9n\u00e9raux et punitifs \u00e0 <em>Harvest Ministries International <\/em>parce qu\u2019elle avait annul\u00e9 un contrat permettant l\u2019utilisation d\u2019installations gouvernementales.<\/span><\/p>\r\n<p style=\"line-height: 1.5;\">\u00a0<\/p>\r\n<p style=\"line-height: 1.5; text-align: center;\"><strong><span style=\"font-size: 18pt; font-family: verdana, geneva, sans-serif;\">\u00c0 ce sujet: <a href=\"..\/..\/..\/2026\/07\/31\/caroline-proulx-a-viole-la-liberte-dexpression-tranche-la-cour\">Caroline Proulx a viol\u00e9 la libert\u00e9 d\u2019expression, tranche la Cour<\/a><\/span><\/strong><\/p>\r\n<p style=\"line-height: 1.5;\">\u00a0<\/p>\r\n<p style=\"line-height: 1.5;\"><span style=\"font-size: 14pt;\">En f\u00e9vrier 2023, <em>Harvest Ministries <\/em>avait lou\u00e9 le Centre des congr\u00e8s de Qu\u00e9bec pour une conf\u00e9rence religieuse intitul\u00e9e \u00abFaith, Freedom, Fire\u00bb, pr\u00e9vue sur dix jours, du 22 juin au 2 juillet. Cet \u00e9v\u00e9nement de culte visait \u00e0 unir les deux peuples fondateurs du Canada et devait accueillir plus de 1200 participants par jour.<\/span><\/p>\r\n<p style=\"line-height: 1.5;\">\u00a0<\/p>\r\n<p style=\"line-height: 1.5;\"><span style=\"font-size: 14pt;\">Le 31 mai 2023, des m\u00e9dias ont demand\u00e9 \u00e0 la ministre du Tourisme Caroline Proulx ce qu\u2019elle pensait du fait que le Centre des congr\u00e8s ait \u00e9t\u00e9 lou\u00e9 par \u00abun groupe \u00e9vang\u00e9lique anti-avortement qui d\u00e9nonce les lois qui minent la parole de Dieu, la famille et le sexe\u00bb.\u00a0<\/span><\/p>\r\n<p style=\"line-height: 1.5;\">\u00a0<\/p>\r\n<p style=\"line-height: 1.5;\"><span style=\"font-size: 14pt;\">La ministre Proulx a alors consult\u00e9 le site Web de <em>Harvest Ministries<\/em> et s\u2019est dite choqu\u00e9e, offens\u00e9e et indign\u00e9e d\u2019y trouver l\u2019affirmation selon laquelle le ventre de la m\u00e8re est \u00abl\u2019endroit le plus dangereux pour un enfant au Canada. Nous devons prier pour le caract\u00e8re sacr\u00e9 de la vie et pour que l\u2019avortement prenne fin au Canada!\u00bb<\/span><\/p>\r\n<p style=\"line-height: 1.5;\">\u00a0<\/p>\r\n<p style=\"line-height: 1.5;\"><span style=\"font-size: 14pt;\">Moins de trois semaines avant le d\u00e9but de la conf\u00e9rence, alors que des participants de partout au Canada avaient d\u00e9j\u00e0 achet\u00e9 leurs billets d\u2019avion pour y assister, la ministre Proulx a ordonn\u00e9 au Centre des congr\u00e8s d\u2019annuler le contrat de location, au motif que l\u2019\u00e9v\u00e9nement \u00e9tait \u00abcontraire aux valeurs fondamentales du Qu\u00e9bec\u00bb.\u00a0<\/span><\/p>\r\n<p style=\"line-height: 1.5;\">\u00a0<\/p>\r\n<p style=\"line-height: 1.5;\"><span style=\"font-size: 14pt;\">La ministre a expliqu\u00e9 que \u00abnous croyons fermement \u00e0 la libert\u00e9 d\u2019expression, mais tout aussi fermement \u00e0 la libert\u00e9 de choix\u00bb, ajoutant que \u00abrien ne les emp\u00eache de tenir l\u2019\u00e9v\u00e9nement ailleurs, dans un lieu priv\u00e9\u00bb.<\/span><\/p>\r\n<p style=\"line-height: 1.5;\">\u00a0<\/p>\r\n<p style=\"line-height: 1.5;\"><span style=\"font-size: 18pt;\"><strong>Un abus de pouvoir<\/strong><\/span><\/p>\r\n<p style=\"line-height: 1.5;\">\u00a0<\/p>\r\n<p style=\"line-height: 1.5;\"><span style=\"font-size: 14pt;\"><a href=\"https:\/\/www.canlii.org\/fr\/qc\/qccs\/doc\/2026\/2026qccs2975\/2026qccs2975.html?resultId=undefined&amp;searchId=2026-08-23T15:03:47:807\/7ca5cf2ae5da405caf4dfc1e4adc7c79\">Le tribunal a conclu<\/a> que la ministre Proulx avait abus\u00e9 de son autorit\u00e9 en annulant arbitrairement le contrat en raison d\u2019un d\u00e9saccord id\u00e9ologique. <br><\/span><\/p>\r\n<p style=\"line-height: 1.5;\">\u00a0<\/p>\r\n<p style=\"line-height: 1.5;\"><span style=\"font-size: 14pt;\">Le gouvernement du Qu\u00e9bec a port\u00e9 atteinte de mani\u00e8re injustifi\u00e9e \u00e0 la libert\u00e9 d\u2019expression prot\u00e9g\u00e9e par la Charte, en emp\u00eachant <em>Harvest Ministries<\/em> de communiquer son message dans le cadre d\u2019un grand rassemblement public.<\/span><\/p>\r\n<p style=\"line-height: 1.5;\">\u00a0<\/p>\r\n<p style=\"line-height: 1.5;\"><span style=\"font-size: 14pt;\">Il est devenu courant au Canada que des politiciens et des bureaucrates annulent, pour des motifs politiques, des contrats d\u00e9j\u00e0 sign\u00e9s. Par exemple, en 2025, des villes \u00e0 travers le Canada ont annul\u00e9 des contrats visant des services de culte chr\u00e9tiens \u00e9vang\u00e9liques mettant en vedette le musicien am\u00e9ricain Sean Feucht.\u00a0<\/span><\/p>\r\n<p style=\"line-height: 1.5;\">\u00a0<\/p>\r\n<p style=\"line-height: 1.5;\"><span style=\"font-size: 14pt;\">Pourquoi? En raison des opinions politiques pro-Trump de M. Feucht, de ses convictions chr\u00e9tiennes conservatrices au sujet de l\u2019avortement et de l\u2019homosexualit\u00e9, ainsi que de l\u2019opposition publique exprim\u00e9e \u00e0 l\u2019\u00e9gard de ces convictions.<\/span><\/p>\r\n<p style=\"line-height: 1.5;\">\u00a0<\/p>\r\n<p style=\"line-height: 1.5;\"><span style=\"font-size: 14pt;\">L\u2019organisateur de la tourn\u00e9e canadienne de M. Feucht <a href=\"https:\/\/cjlc.ca\/concert-de-sean-feucht-annule-une-poursuite-est-declenchee\/\">poursuit maintenant la Ville de Moncton<\/a> pour avoir brusquement annul\u00e9 un \u00e9v\u00e9nement public de culte chr\u00e9tien seulement deux jours avant sa tenue pr\u00e9vue en juillet 2025.\u00a0<\/span><\/p>\r\n<p style=\"line-height: 1.5; text-align: center;\">\u00a0<\/p>\r\n<p style=\"line-height: 1.5; text-align: center;\"><strong><span style=\"font-size: 18pt; font-family: verdana, geneva, sans-serif;\">\u00c0 lire aussi: <a href=\"..\/..\/..\/2025\/07\/26\/sean-feucht-au-canada-quand-letat-decide-qui-peut-croire-et-chanter\">Sean Feucht au Canada: quand l'\u00c9tat d\u00e9cide qui peut croire et chanter<\/a><\/span><\/strong><\/p>\r\n<p style=\"line-height: 1.5;\">\u00a0<\/p>\r\n<p style=\"line-height: 1.5;\"><span style=\"font-size: 14pt;\">La Ville avait approuv\u00e9 la demande en avril. Au cours des mois suivants, les organisateurs avaient continu\u00e9 de collaborer avec le personnel municipal \u00e0 la planification du site, \u00e0 l\u2019assurance, aux installations sanitaires, \u00e0 l\u2019acc\u00e8s \u00e0 l\u2019eau et \u00e0 l\u2019horaire, le tout afin de faciliter la tenue d\u2019un \u00e9v\u00e9nement de culte gratuit dans un lieu public.\u00a0<\/span><\/p>\r\n<p style=\"line-height: 1.5;\">\u00a0<\/p>\r\n<p style=\"line-height: 1.5;\"><span style=\"font-size: 14pt;\">En annulant l\u2019\u00e9v\u00e9nement en raison d\u2019une opposition anticip\u00e9e, la Ville a effectivement c\u00e9d\u00e9 au \u00abveto du chahuteur\u00bb au lieu de prot\u00e9ger les libert\u00e9s garanties par la Charte.<\/span><\/p>\r\n<p style=\"line-height: 1.5;\">\u00a0<\/p>\r\n<p style=\"line-height: 1.5;\"><span style=\"font-size: 18pt;\"><strong>Le r\u00e9flexe de r\u00e9gimes autoritaires \u00a0<\/strong><\/span><\/p>\r\n<p style=\"line-height: 1.5;\">\u00a0<\/p>\r\n<p style=\"line-height: 1.5;\"><span style=\"font-size: 14pt;\">Les r\u00e9gimes r\u00e9pressifs r\u00e9servent les espaces publics uniquement \u00e0 ceux qui appuient l\u2019id\u00e9ologie du r\u00e9gime. Par exemple, ni l\u2019Iran ni l\u2019Arabie saoudite ne permettraient \u00e0 Sean Feucht \u2014 ni \u00e0 qui que ce soit d\u2019autre \u2014 de diriger un service de culte chr\u00e9tien dans un lieu public.\u00a0<\/span><\/p>\r\n<p style=\"line-height: 1.5;\">\u00a0<\/p>\r\n<p style=\"line-height: 1.5;\"><span style=\"font-size: 14pt;\">Refuser l\u2019acc\u00e8s aux parcs publics et aux centres de congr\u00e8s appartenant au gouvernement, en excluant les personnes qui d\u00e9fendent des opinions contraires \u00e0 celles du gouvernement, constitue un moyen efficace et pratique de d\u00e9l\u00e9gitimer ses adversaires.<\/span><\/p>\r\n<p style=\"line-height: 1.5;\">\u00a0<\/p>\r\n<p style=\"line-height: 1.5;\"><span style=\"font-size: 14pt;\">\u00c0 l\u2019oppos\u00e9, dans une soci\u00e9t\u00e9 libre, les espaces publics peuvent \u00eatre utilis\u00e9s par tous les membres du public, et non seulement par ceux dont les opinions sont jug\u00e9es \u00abcorrectes\u00bb par les autorit\u00e9s ou par l\u2019opinion majoritaire.<\/span><\/p>\r\n<p style=\"line-height: 1.5;\">\u00a0<\/p>\r\n<p style=\"line-height: 1.5;\"><span style=\"font-size: 18pt;\"><strong>La libert\u00e9 \u00e0 sens unique<\/strong><\/span><\/p>\r\n<p style=\"line-height: 1.5;\">\u00a0<\/p>\r\n<p style=\"line-height: 1.5;\"><span style=\"font-size: 14pt;\">L\u2019arrogance de ceux qui croient \u00e0 la \u00ablibert\u00e9 d\u2019expression pour moi, mais pas pour toi\u00bb demeurera l\u2019un des moteurs de la culture de l\u2019annulation.\u00a0<\/span><\/p>\r\n<p style=\"line-height: 1.5;\">\u00a0<\/p>\r\n<p style=\"line-height: 1.5;\"><span style=\"font-size: 14pt;\">Cette m\u00eame arrogance se manifeste lorsqu\u2019une personne \u2014 en l\u2019occurrence Caroline Proulx \u2014 ou l\u2019ensemble du gouvernement d\u00e9termine au nom de la soci\u00e9t\u00e9 ce que sont ses \u00abvaleurs fondamentales\u00bb, puis cherche \u00e0 faire taire les opinions dissidentes.\u00a0<\/span><\/p>\r\n<p style=\"line-height: 1.5;\">\u00a0<\/p>\r\n<p style=\"line-height: 1.5;\"><span style=\"font-size: 14pt;\">Qu\u2019un tribunal ordonne \u00e0 la ministre Proulx de payer 60 637 $ pour avoir abus\u00e9 arbitrairement de son autorit\u00e9 afin de r\u00e9duire au silence des Canadiens ayant une opinion diff\u00e9rente constitue un d\u00e9saveu bienvenu de cette arrogance.<\/span><\/p>\r\n<p style=\"line-height: 1.5;\">\u00a0<\/p>","photo_path":"QuIrEbo6oxpoygiOcTnWSJ8Vv1qf9R6yYPMcSFla.webp","photo_width":1148,"photo_height":765,"photo_meta":{"v":1,"width":1148,"height":765,"variants":[{"key":"variants\/QuIrEbo6oxpoygiOcTnWSJ8Vv1qf9R6yYPMcSFla-400.webp","width":400},{"key":"variants\/QuIrEbo6oxpoygiOcTnWSJ8Vv1qf9R6yYPMcSFla-800.webp","width":800},{"key":"variants\/QuIrEbo6oxpoygiOcTnWSJ8Vv1qf9R6yYPMcSFla-1148.webp","width":1148}]},"photo_subtitle":"Caroline Proulx le 4 novembre 2024. Photo: page Facebook officielle de Caroline Proulx, d\u00e9put\u00e9e de Berthier \u00e0 l\u2019Assembl\u00e9e nationale.","youtube_embed_video_url":null,"thumbnail_path":null,"views_count":1425,"exclusive":0,"published_at":"2026-08-30T20:40:35.000000Z","featured_until":"2026-08-31T20:42:38.000000Z","intro_audio_url":null,"full_audio_url":"https:\/\/lm-audio.tor1.digitaloceanspaces.com\/lm-audio\/audios\/article_2698_dictation.mp3","audio_last_generated_at":"2026-08-30T20:45:53.000000Z","created_at":"2026-08-30T20:44:20.000000Z","updated_at":"2026-09-01T18:14:21.000000Z","category_id":2,"send_push_notif":1,"push_notif_sent":"2026-08-30T20:46:47.000000Z","link":"https:\/\/libre-media.com\/2026\/08\/30\/caroline-proulx-larrogance-du-pouvoir-mise-en-echec","photo_link":"https:\/\/lm-articles.nyc3.cdn.digitaloceanspaces.com\/QuIrEbo6oxpoygiOcTnWSJ8Vv1qf9R6yYPMcSFla.webp","photo":{"fallback_url":"https:\/\/lm-articles.nyc3.cdn.digitaloceanspaces.com\/QuIrEbo6oxpoygiOcTnWSJ8Vv1qf9R6yYPMcSFla.webp","width":1148,"height":765,"variants":[{"width":400,"url":"https:\/\/lm-articles.nyc3.cdn.digitaloceanspaces.com\/variants\/QuIrEbo6oxpoygiOcTnWSJ8Vv1qf9R6yYPMcSFla-400.webp"},{"width":800,"url":"https:\/\/lm-articles.nyc3.cdn.digitaloceanspaces.com\/variants\/QuIrEbo6oxpoygiOcTnWSJ8Vv1qf9R6yYPMcSFla-800.webp"},{"width":1148,"url":"https:\/\/lm-articles.nyc3.cdn.digitaloceanspaces.com\/variants\/QuIrEbo6oxpoygiOcTnWSJ8Vv1qf9R6yYPMcSFla-1148.webp"}]},"published_at_formatted":"Dimanche le 30 ao\u00fbt 2026, \u00e0 16:40","excerpts":"<p style=\"line-height: 1.5;\"><span style=\"font-size: 18pt;\">En condamnant Caroline Proulx pour avoir voulu exclure des voix dissidentes de l\u2019espace public, la Justice a inflig\u00e9 un d\u00e9saveu cinglant \u00e0 l\u2019arrogance d\u2019un pouvoir qui...","category":{"id":2,"name":"Id\u00e9es","slug":"idees","banner_photo":"sV8c0QQA1AXJY2bpoT7zUCqc1OAlvUxG53asVBPv.jpg","order":2,"color":"#d3fc6c","_lft":3,"_rgt":8,"parent_id":null,"created_at":null,"updated_at":"2022-05-09T05:22:46.000000Z","color_code":"d3fc6c","banner_link":"https:\/\/lm-articles.nyc3.cdn.digitaloceanspaces.com\/sV8c0QQA1AXJY2bpoT7zUCqc1OAlvUxG53asVBPv.jpg"},"tags":[{"id":10,"name":{"fr":"Qu\u00e9bec"},"slug":{"fr":"quebec"},"type":null,"order_column":10,"created_at":"2023-09-06T18:33:55.000000Z","updated_at":"2023-09-06T18:33:55.000000Z","pivot":{"taggable_type":"App\\Models\\Article","taggable_id":2698,"tag_id":10}},{"id":16,"name":{"fr":"Canada"},"slug":{"fr":"canada"},"type":null,"order_column":16,"created_at":"2023-09-09T22:17:06.000000Z","updated_at":"2023-09-09T22:17:06.000000Z","pivot":{"taggable_type":"App\\Models\\Article","taggable_id":2698,"tag_id":16}},{"id":21,"name":{"fr":"Religion"},"slug":{"fr":"religion"},"type":null,"order_column":21,"created_at":"2023-09-11T23:05:27.000000Z","updated_at":"2023-09-11T23:05:27.000000Z","pivot":{"taggable_type":"App\\Models\\Article","taggable_id":2698,"tag_id":21}},{"id":25,"name":{"fr":"censure"},"slug":{"fr":"censure"},"type":null,"order_column":25,"created_at":"2023-09-15T03:08:01.000000Z","updated_at":"2023-09-15T03:08:01.000000Z","pivot":{"taggable_type":"App\\Models\\Article","taggable_id":2698,"tag_id":25}},{"id":69,"name":{"fr":"Libert\u00e9 d'expression"},"slug":{"fr":"liberte-dexpression"},"type":null,"order_column":69,"created_at":"2023-10-18T21:50:25.000000Z","updated_at":"2023-10-18T21:50:25.000000Z","pivot":{"taggable_type":"App\\Models\\Article","taggable_id":2698,"tag_id":69}},{"id":445,"name":{"fr":"christianisme"},"slug":{"fr":"christianisme"},"type":null,"order_column":437,"created_at":"2025-07-27T01:54:17.000000Z","updated_at":"2025-07-27T01:54:17.000000Z","pivot":{"taggable_type":"App\\Models\\Article","taggable_id":2698,"tag_id":445}}]},{"id":2697,"user_id":6,"slug":"italie-vannacci-veut-jouer-le-role-de-champion-anti-establishment","title":"Italie: \u00abVannacci veut jouer le r\u00f4le de champion anti-establishment\u00bb","subtitle":null,"lead":null,"content":"<p style=\"line-height: 1.5;\"><span style=\"font-size: 18pt;\"><strong>Roberto Vannacci bouscule la droite italienne avec son discours muscl\u00e9 sur l\u2019immigration et les \u00e9lites. Le r\u00e9put\u00e9 politologue Marco Tarchi d\u00e9crypte son ascension et \u00e9value sa capacit\u00e9 \u00e0 menacer la premi\u00e8re ministre Giorgia Meloni.<\/strong><\/span><\/p>\r\n<p style=\"line-height: 1.5;\">\u00a0<\/p>\r\n<p style=\"line-height: 1.5;\"><span style=\"font-size: 14pt;\">Au pays de Machiavel, Roberto Vannacci fait beaucoup parler de lui. D\u00e9put\u00e9 europ\u00e9en et chef du parti Futuro Nazionale, cet ancien g\u00e9n\u00e9ral s\u2019impose comme une figure politique \u00e9mergente en promettant notamment de r\u00e9duire drastiquement l\u2019immigration et de r\u00e9tablir l\u2019autorit\u00e9 de l\u2019\u00c9tat.\u00a0<\/span><\/p>\r\n<p style=\"line-height: 1.5;\">\u00a0<\/p>\r\n<p style=\"line-height: 1.5;\"><span style=\"font-size: 14pt;\">Gr\u00e2ce \u00e0 une utilisation redoutablement efficace des r\u00e9seaux sociaux, il contourne les m\u00e9dias traditionnels et s\u2019adresse directement \u00e0 ses partisans. Peut-il r\u00e9ellement menacer Giorgia Meloni ou devra-t-il se contenter d\u2019exercer une influence limit\u00e9e sur la droite italienne?<\/span><\/p>\r\n<p style=\"line-height: 1.5;\">\u00a0<\/p>\r\n<p style=\"line-height: 1.5;\"><span style=\"font-size: 14pt;\">Pour mieux comprendre le ph\u00e9nom\u00e8ne, <em>Libre M\u00e9dia<\/em> s\u2019est entretenu avec Marco Tarchi, professeur \u00e9m\u00e9rite de science politique \u00e0 l\u2019Universit\u00e9 de Florence. Ancienne figure de la <em>Nuova Destra, <\/em>un courant intellectuel qui cherchait \u00e0 renouveler la pens\u00e9e de droite en Italie, il est aujourd\u2019hui l\u2019un des principaux sp\u00e9cialistes europ\u00e9ens du populisme. Entretien exclusif.\u00a0<\/span><\/p>\r\n<p style=\"line-height: 1.5;\">\u00a0<\/p>\r\n<p style=\"line-height: 1.5;\"><strong><span style=\"font-size: 14pt;\">Comment expliquer l\u2019essor aussi rapide de Roberto Vannacci? R\u00e9pond-il \u00e0 une demande politique que Giorgia Meloni ne satisfait plus?<\/span><\/strong><\/p>\r\n<p style=\"line-height: 1.5;\">\u00a0<\/p>\r\n<p style=\"line-height: 1.5;\"><span style=\"font-size: 14pt;\"><strong>Marco Tarchi<\/strong>: \u00abLe livre <em>Il mondo al contrario<\/em> qui a fait conna\u00eetre Vannacci au public \u2013 et surtout, aux m\u00e9dias \u2013 gr\u00e2ce aux 250 000 exemplaires \u00e9coul\u00e9s en l\u2019espace de quelques semaines sur le site d\u2019Amazon \u00e9tait une sorte de manifeste du populisme, dont il r\u00e9fl\u00e9chissait int\u00e9gralement la mentalit\u00e9, les nostalgies, les obsessions, le malaise et les espoirs.\u00a0<\/span><\/p>\r\n<p style=\"line-height: 1.5;\">\u00a0<\/p>\r\n<p style=\"line-height: 1.3; text-align: center;\"><span style=\"font-size: 14pt;\"><img decoding=\"async\" src=\"https:\/\/lm-articles.nyc3.cdn.digitaloceanspaces.com\/content\/uploads\/2026\/08\/868de621-bd49-4595-a70a-84ae7448928e.webp\" alt=\"\" width=\"1200\" height=\"630\" loading=\"lazy\"><\/span><em>Le politologue italien Marco Tarchi. Photo: La Stampa.<\/em><\/p>\r\n<p style=\"line-height: 1.5;\">\u00a0<\/p>\r\n<p style=\"line-height: 1.5;\">\u00a0<\/p>\r\n<p style=\"line-height: 1.5;\"><span style=\"font-size: 14pt;\">Au vu du succ\u00e8s que le populisme a connu depuis d\u00e9sormais trente ans en Italie, et de l\u2019incapacit\u00e9 de ses interpr\u00e8tes \u2013 de la Ligue de Matteo Salvini jusqu\u2019au Mouvement Cinq \u00c9toiles de Beppe Grillo \u2013 de remplir leurs promesses lorsqu\u2019ils ont acc\u00e9d\u00e9 au gouvernement, il n\u2019\u00e9tait pas impossible de voir rena\u00eetre encore une fois ce Ph\u00e9nix de ses cendres, sous une autre incarnation.\u00bb<\/span><\/p>\r\n<p style=\"line-height: 1.5;\">\u00a0<\/p>\r\n<p style=\"line-height: 1.5;\"><strong><span style=\"font-size: 14pt;\">Vannacci accuse justement Giorgia Meloni d\u2019avoir abandonn\u00e9 une partie de ses promesses une fois arriv\u00e9e au pouvoir. Cette critique vous para\u00eet-elle justifi\u00e9e?<\/span><\/strong><\/p>\r\n<p style=\"line-height: 1.5;\">\u00a0<\/p>\r\n<p style=\"line-height: 1.5;\"><span style=\"font-size: 14pt;\"><strong>Marco Tarchi<\/strong>: \u00abEn partie, oui, car Meloni a d\u00fb accepter beaucoup de compromis et renier quelques chapitres de son programme afin de ne pas faire \u00e9clater sa coalition h\u00e9t\u00e9rog\u00e8ne.\u00a0<\/span><\/p>\r\n<p style=\"line-height: 1.5; text-align: center;\">\u00a0<\/p>\r\n<p style=\"line-height: 1.5; text-align: center;\"><strong><span style=\"font-size: 18pt; font-family: verdana, geneva, sans-serif;\">\u00c0 lire aussi: <a href=\"..\/..\/..\/articles\/du-populisme-italien-a-milei-le-voyage-politique-du-mot-caste\">Du populisme italien \u00e0 Milei: le voyage politique du mot \u00abcaste\u00bb<\/a><\/span><\/strong><\/p>\r\n<p style=\"line-height: 1.5; text-align: center;\">\u00a0<\/p>\r\n<p style=\"line-height: 1.5;\"><span style=\"font-size: 14pt;\">Les divergences entre Forza Italia [partenaire de Fratelli d\u2019Italia, le parti de Meloni, au sein de la coalition gouvernementale, ndlr], lib\u00e9rale, centriste et m\u00eame progressiste sur certaines questions, et ses autres partenaires sont tr\u00e8s fortes.<\/span><\/p>\r\n<p style=\"line-height: 1.5;\">\u00a0<\/p>\r\n<p style=\"line-height: 1.3; text-align: center;\"><img decoding=\"async\" src=\"https:\/\/lm-articles.nyc3.cdn.digitaloceanspaces.com\/content\/uploads\/2026\/08\/841d5bc1-d364-4a05-80c8-fce8021b0cb4.webp\" alt=\"\" width=\"1200\" height=\"801\" loading=\"lazy\"><em>La premi\u00e8re ministre italienne, Giorgia Meloni, lors d\u2019une conf\u00e9rence de presse avec son homologue japonais \u00e0 Rome, le 15 juin 2026.Photo: Andreas SOLARO pour l\u2019AFP.<\/em><\/p>\r\n<p style=\"line-height: 1.5;\">\u00a0<\/p>\r\n<p style=\"line-height: 1.5;\">\u00a0<\/p>\r\n<p style=\"line-height: 1.5;\"><span style=\"font-size: 14pt;\">Meloni devait \u00e9galement gagner la confiance, ou du moins la neutralit\u00e9, d\u2019autres dirigeants europ\u00e9ens, dont la plupart \u00e9taient m\u00e9fiants et pr\u00e9venus \u00e0 son \u00e9gard.\u00bb<\/span><\/p>\r\n<p style=\"line-height: 1.5;\">\u00a0<\/p>\r\n<p style=\"line-height: 1.5;\"><strong><span style=\"font-size: 14pt;\">Son succ\u00e8s traduit-il surtout une inqui\u00e9tude devant l\u2019immigration, ou un rejet plus large des \u00e9lites politiques et de l\u2019Union europ\u00e9enne?<\/span><\/strong><\/p>\r\n<p style=\"line-height: 1.5;\">\u00a0<\/p>\r\n<p style=\"line-height: 1.5;\"><span style=\"font-size: 14pt;\"><strong>Marco Tarchi<\/strong>: \u00abL\u2019immigration est sans doute le pilier de son programme et le sujet qui attire le plus ses sympathisants, mais il y a aussi son image \"d'homme de l\u2019ordre\" et de restaurateur de l\u2019autorit\u00e9 de l\u2019\u00c9tat face aux partis \"diviseurs et corrompus\", image qui colle parfaitement \u00e0 son profil de militaire.\u00bb<\/span><\/p>\r\n<p style=\"line-height: 1.5;\">\u00a0<\/p>\r\n<p style=\"line-height: 1.5;\"><strong><span style=\"font-size: 14pt;\">Comment les m\u00e9dias traditionnels italiens traitent-ils Roberto Vannacci? De quelle mani\u00e8re parvient-il \u00e0 contourner leur hostilit\u00e9 ou leurs critiques pour s\u2019adresser directement \u00e0 son \u00e9lectorat?<\/span><\/strong><\/p>\r\n<p style=\"line-height: 1.5;\">\u00a0<\/p>\r\n<p style=\"line-height: 1.5;\"><span style=\"font-size: 14pt;\"><strong>Marco Tarchi<\/strong>: \u00abVannacci veut jouer le r\u00f4le de champion de l\u2019anti-establishment, donc il se trouve parfaitement \u00e0 l\u2019aise s\u2019il est montr\u00e9 par les m\u00e9dias comme le \"m\u00e9chant\", d\u2019autant plus que ceux qui le critiquent sur les plateaux de t\u00e9l\u00e9vision se situent pour la plupart \u00e0 gauche et sont d\u00e9test\u00e9s par ses potentiels \u00e9lecteurs.\u00a0<\/span><\/p>\r\n<p style=\"line-height: 1.5; text-align: center;\">\u00a0<\/p>\r\n<p style=\"line-height: 1.5; text-align: center;\"><strong><span style=\"font-size: 18pt; font-family: verdana, geneva, sans-serif;\">\u00c0 voir aussi: <a href=\"..\/..\/..\/articles\/javier-milei-modele-inespere-pour-la-droite-espagnole\">Javier Milei, mod\u00e8le inesp\u00e9r\u00e9 pour la droite espagnole<\/a><\/span><\/strong><\/p>\r\n<p style=\"line-height: 1.5; text-align: center;\">\u00a0<\/p>\r\n<p style=\"line-height: 1.5;\"><span style=\"font-size: 14pt;\">Et d\u2019ailleurs, les journalistes de gauche aiment l\u2019inviter, car ils esp\u00e8rent l\u2019utiliser comme bouc \u00e9missaire pour montrer le \"vrai visage\" de la droite.\u00bb<\/span><\/p>\r\n<p style=\"line-height: 1.5;\">\u00a0<\/p>\r\n<p style=\"line-height: 1.5;\"><strong><span style=\"font-size: 14pt;\">Vannacci peut-il r\u00e9ellement menacer Giorgia Meloni, ou son r\u00f4le sera-t-il surtout de pousser l\u2019ensemble de la droite italienne vers des positions plus radicales?<\/span><\/strong><\/p>\r\n<p style=\"line-height: 1.5;\">\u00a0<\/p>\r\n<p style=\"line-height: 1.5;\"><span style=\"font-size: 14pt;\"><strong>Marco Tarchi<\/strong>: \u00abVannacci, dont la strat\u00e9gie demeure assez instable, oscille entre le populisme et les clins d\u2019\u0153il \u00e0 une extr\u00eame droite nostalgique qui risque de devenir son boulet. Entour\u00e9 de collaborateurs inexp\u00e9riment\u00e9s aux profils h\u00e9t\u00e9rog\u00e8nes, il n\u2019a aucune chance de menacer la position de Meloni comme cheffe de la droite.<\/span><\/p>\r\n<p style=\"line-height: 1.5;\">\u00a0<\/p>\r\n<p style=\"line-height: 1.3; text-align: center;\"><img decoding=\"async\" src=\"https:\/\/lm-articles.nyc3.cdn.digitaloceanspaces.com\/content\/uploads\/2026\/08\/c263bcbc-cb3f-4387-84dd-795e3083bd22.webp\" alt=\"\" width=\"1000\" height=\"602\" loading=\"lazy\"><span style=\"font-size: 12pt;\"><em>Dans une vid\u00e9o satirique g\u00e9n\u00e9r\u00e9e par intelligence artificielle et relay\u00e9e sur ses r\u00e9seaux sociaux, Roberto Vannacci appara\u00eet en empereur romain ordonnant la mise \u00e0 mort de plusieurs de ses adversaires politiques.<\/em><br><\/span><\/p>\r\n<p style=\"line-height: 1.5;\"><span style=\"font-size: 14pt;\"><br><br>Il pourrait en causer la d\u00e9faite aux prochaines \u00e9lections en cas de pr\u00e9sentation de listes en concurrence avec celles de centre droit, mais dans ce sc\u00e9nario, il subirait un effet boomerang imm\u00e9diatement apr\u00e8s.\u00a0<\/span><\/p>\r\n<p style=\"line-height: 1.5;\">\u00a0<\/p>\r\n<p style=\"line-height: 1.5;\"><span style=\"font-size: 14pt;\">Vannacci doit donc se contenter d\u2019exercer une influence (limit\u00e9e) su Fratelli d\u2019Italia et, ce faisant, obtenir un certain nombre de places \u00e9ligibles au sein des listes de la coalition dans les coll\u00e8ges uninominaux.\u00bb<\/span><\/p>\r\n<p>\u00a0<\/p>","photo_path":"KMmLMP6YIRzUCWHn4DKmpXvKEAEkbIJ2KFcq2GMz.webp","photo_width":1200,"photo_height":856,"photo_meta":{"v":1,"width":1200,"height":856,"variants":[{"key":"variants\/KMmLMP6YIRzUCWHn4DKmpXvKEAEkbIJ2KFcq2GMz-400.webp","width":400},{"key":"variants\/KMmLMP6YIRzUCWHn4DKmpXvKEAEkbIJ2KFcq2GMz-800.webp","width":800},{"key":"variants\/KMmLMP6YIRzUCWHn4DKmpXvKEAEkbIJ2KFcq2GMz-1200.webp","width":1200}]},"photo_subtitle":"Roberto Vannacci, d\u00e9put\u00e9 europ\u00e9en et chef du parti Futuro Nazionale, r\u00e9agit lors d\u2019un point de presse \u00e0 Rome, le 13 juin 2026. Photo: Filippo MONTEFORTE pour l\u2019AFP.","youtube_embed_video_url":null,"thumbnail_path":null,"views_count":422,"exclusive":1,"published_at":"2026-08-29T22:05:10.000000Z","featured_until":"2026-08-29T22:04:13.000000Z","intro_audio_url":null,"full_audio_url":"https:\/\/lm-audio.tor1.digitaloceanspaces.com\/lm-audio\/audios\/article_2697_dictation.mp3","audio_last_generated_at":"2026-08-29T22:08:10.000000Z","created_at":"2026-08-29T22:06:54.000000Z","updated_at":"2026-08-31T18:31:47.000000Z","category_id":3,"send_push_notif":1,"push_notif_sent":"2026-08-29T22:08:49.000000Z","link":"https:\/\/libre-media.com\/2026\/08\/29\/italie-vannacci-veut-jouer-le-role-de-champion-anti-establishment","photo_link":"https:\/\/lm-articles.nyc3.cdn.digitaloceanspaces.com\/KMmLMP6YIRzUCWHn4DKmpXvKEAEkbIJ2KFcq2GMz.webp","photo":{"fallback_url":"https:\/\/lm-articles.nyc3.cdn.digitaloceanspaces.com\/KMmLMP6YIRzUCWHn4DKmpXvKEAEkbIJ2KFcq2GMz.webp","width":1200,"height":856,"variants":[{"width":400,"url":"https:\/\/lm-articles.nyc3.cdn.digitaloceanspaces.com\/variants\/KMmLMP6YIRzUCWHn4DKmpXvKEAEkbIJ2KFcq2GMz-400.webp"},{"width":800,"url":"https:\/\/lm-articles.nyc3.cdn.digitaloceanspaces.com\/variants\/KMmLMP6YIRzUCWHn4DKmpXvKEAEkbIJ2KFcq2GMz-800.webp"},{"width":1200,"url":"https:\/\/lm-articles.nyc3.cdn.digitaloceanspaces.com\/variants\/KMmLMP6YIRzUCWHn4DKmpXvKEAEkbIJ2KFcq2GMz-1200.webp"}]},"published_at_formatted":"Samedi le 29 ao\u00fbt 2026, \u00e0 18:05","excerpts":"<p style=\"line-height: 1.5;\"><span style=\"font-size: 18pt;\">Roberto Vannacci bouscule la droite italienne avec son discours muscl\u00e9 sur l\u2019immigration et les \u00e9lites. Le r\u00e9put\u00e9 politologue Marco Tarchi d\u00e9crypte son ascension et \u00e9value sa...","category":{"id":3,"name":"Monde","slug":"monde","banner_photo":"fRRRkvjJLFdlW30gEtaOUHrXB7HxhyttrIZpi3JH.jpg","order":3,"color":"#fa636d","_lft":9,"_rgt":10,"parent_id":null,"created_at":null,"updated_at":"2022-05-09T05:23:04.000000Z","color_code":"fa636d","banner_link":"https:\/\/lm-articles.nyc3.cdn.digitaloceanspaces.com\/fRRRkvjJLFdlW30gEtaOUHrXB7HxhyttrIZpi3JH.jpg"},"tags":[{"id":43,"name":{"fr":"immigration"},"slug":{"fr":"immigration"},"type":null,"order_column":43,"created_at":"2023-09-29T17:51:36.000000Z","updated_at":"2023-09-29T17:51:36.000000Z","pivot":{"taggable_type":"App\\Models\\Article","taggable_id":2697,"tag_id":43}},{"id":134,"name":{"fr":"Europe"},"slug":{"fr":"europe"},"type":null,"order_column":133,"created_at":"2024-01-31T15:27:15.000000Z","updated_at":"2024-01-31T15:27:15.000000Z","pivot":{"taggable_type":"App\\Models\\Article","taggable_id":2697,"tag_id":134}},{"id":135,"name":{"fr":"populisme"},"slug":{"fr":"populisme"},"type":null,"order_column":134,"created_at":"2024-02-05T02:11:53.000000Z","updated_at":"2024-02-05T02:11:53.000000Z","pivot":{"taggable_type":"App\\Models\\Article","taggable_id":2697,"tag_id":135}},{"id":316,"name":{"fr":"Italie"},"slug":{"fr":"italie"},"type":null,"order_column":310,"created_at":"2024-12-03T15:10:50.000000Z","updated_at":"2024-12-03T15:10:50.000000Z","pivot":{"taggable_type":"App\\Models\\Article","taggable_id":2697,"tag_id":316}},{"id":317,"name":{"fr":"caste"},"slug":{"fr":"caste"},"type":null,"order_column":311,"created_at":"2024-12-03T15:10:50.000000Z","updated_at":"2024-12-03T15:10:50.000000Z","pivot":{"taggable_type":"App\\Models\\Article","taggable_id":2697,"tag_id":317}}]},{"id":2696,"user_id":9615,"slug":"carney-et-frechette-fabriquent-une-crise-pour-preserver-le-canada","title":"Carney et Fr\u00e9chette fabriquent une crise pour mater la souverainet\u00e9","subtitle":null,"lead":null,"content":"<p style=\"line-height: 1.5;\"><span style=\"font-size: 18pt;\"><strong>Trente ans apr\u00e8s les man\u0153uvres du f\u00e9d\u00e9ral lors du r\u00e9f\u00e9rendum de 1995, Mark Carney et Christine Fr\u00e9chette se servent de la crise avec Donald Trump pour faire barrage au Parti qu\u00e9b\u00e9cois et \u00e9loigner de nouveau la souverainet\u00e9.<\/strong><\/span><\/p>\r\n<p style=\"line-height: 1.5;\">\u00a0<\/p>\r\n<p style=\"line-height: 1.5;\"><span style=\"font-size: 14pt;\">Le Canada ne laissera jamais partir la nation qu\u00e9b\u00e9coise. Pour l\u2019en emp\u00eacher, il est pr\u00eat \u00e0 jouer sale, quitte \u00e0 recourir aux man\u0153uvres d\u00e9loyales, aux calomnies et aux dissimulations.\u00a0<\/span><\/p>\r\n<p style=\"line-height: 1.5;\">\u00a0<\/p>\r\n<p style=\"line-height: 1.5;\"><span style=\"font-size: 14pt;\">Depuis quarante-six ans, le modus operandi demeure. Car ce qui se joue ici d\u00e9passe largement les tarifs douaniers. Il en va de l\u2019avenir du fait fran\u00e7ais en Am\u00e9rique et du destin historique du peuple canadien-fran\u00e7ais, devenu qu\u00e9b\u00e9cois.<\/span><\/p>\r\n<p style=\"line-height: 1.5;\">\u00a0<\/p>\r\n<p style=\"line-height: 1.5;\"><span style=\"font-size: 18pt;\"><strong>L\u2019aveu de Sergio Marchi<\/strong><\/span><\/p>\r\n<p style=\"line-height: 1.5;\">\u00a0<\/p>\r\n<p style=\"line-height: 1.5;\"><span style=\"font-size: 14pt;\">En 1995, le Qu\u00e9bec a rejet\u00e9 la souverainet\u00e9 par 50,58% contre 49,42%, soit 54 288 voix d\u2019\u00e9cart sur plus de 4,5 millions de votants.<\/span><\/p>\r\n<p style=\"line-height: 1.5;\">\u00a0<\/p>\r\n<p style=\"line-height: 1.5;\"><span style=\"font-size: 14pt;\">Et chaque ann\u00e9e depuis, on en apprend un peu plus sur ce qui s'est jou\u00e9 avant la fermeture des bureaux de scrutin. Et rien de ce qu'on apprend ne va dans le sens de l\u2019histoire narr\u00e9e officiellement par Ottawa.<\/span><\/p>\r\n<p style=\"line-height: 1.5;\">\u00a0<\/p>\r\n<p style=\"line-height: 1.5;\"><span style=\"font-size: 14pt;\">En novembre dernier, l'ancien ministre f\u00e9d\u00e9ral de l'Immigration Sergio Marchi <a href=\"https:\/\/www.journaldemontreal.com\/2025\/11\/25\/jean-chretien-avait-donne-linstruction-daccelerer-les-demandes-de-citoyennete-avant-le-referendum-de-1995?utm_source=chatgpt.com\">a confirm\u00e9 au <em>Journal de Montr\u00e9al<\/em> <\/a>ce que le mouvement souverainiste r\u00e9p\u00e8te <em>ad nauseam <\/em>depuis 1996, sans jamais r\u00e9ussir \u00e0 le faire admettre par ses adversaires.\u00a0<\/span><\/p>\r\n<p style=\"line-height: 1.5;\">\u00a0<\/p>\r\n<p style=\"line-height: 1.5;\"><span style=\"font-size: 14pt;\">Jean Chr\u00e9tien lui avait personnellement demand\u00e9 d'acc\u00e9l\u00e9rer le traitement des demandes de citoyennet\u00e9 avant le vote, afin qu'un plus grand nombre de nouveaux arrivants, jug\u00e9s acquis au camp du Non, puissent voter \u00e0 temps au r\u00e9f\u00e9rendum.<\/span><\/p>\r\n<p style=\"line-height: 1.5;\">\u00a0<\/p>\r\n<p style=\"line-height: 1.5;\"><span style=\"font-size: 14pt;\">Marchi a reconnu que la man\u0153uvre avait pes\u00e9 sur le r\u00e9sultat final en faveur du Canada. Les chiffres d\u00e9mentaient d\u00e9j\u00e0 l'explication qu'il donnait \u00e0 l'\u00e9poque: 23 799 certificats de citoyennet\u00e9 avaient \u00e9t\u00e9 d\u00e9livr\u00e9s au Qu\u00e9bec en 1993, contre 43 855 en 1995, une hausse spontan\u00e9e de 87% en deux ans, dont 11 400 au seul mois de septembre.\u00a0<\/span><\/p>\r\n<p style=\"line-height: 1.5;\">\u00a0<\/p>\r\n<p style=\"line-height: 1.5;\"><span style=\"font-size: 14pt;\">En 1996, la courbe retombait de 39%, comme par magie. Or, un tel accident statistique ne se corrige pas ainsi, d\u00e8s l'ann\u00e9e suivante, sans changement explicite de politique migratoire.<\/span><\/p>\r\n<p style=\"line-height: 1.5;\">\u00a0<\/p>\r\n<p style=\"line-height: 1.5;\"><span style=\"font-size: 18pt;\"><strong>Le pari de 1995<\/strong><\/span><\/p>\r\n<p style=\"line-height: 1.5;\">\u00a0<\/p>\r\n<p style=\"line-height: 1.5;\"><span style=\"font-size: 14pt;\">L'Op\u00e9ration citoyennet\u00e9 n'\u00e9tait pas la seule au menu. Huit semaines avant le vote, le Conseil pour l'unit\u00e9 canadienne mettait sur pied une officine appel\u00e9e \u00abOption Canada\u00bb. <\/span><\/p>\r\n<p style=\"line-height: 1.5;\">\u00a0<\/p>\r\n<p style=\"line-height: 1.5;\"><span style=\"font-size: 14pt;\">Il a fallu le livre de Normand Lester et Robin Philpot, <em>Les Secrets d\u2019Option Canada<\/em>, publi\u00e9 en 2006, pour que le directeur g\u00e9n\u00e9ral des \u00e9lections confie \u00e0 un juge retrait\u00e9, Bernard Grenier, le soin de v\u00e9rifier ce qui s'\u00e9tait r\u00e9ellement pass\u00e9.<\/span><\/p>\r\n<p style=\"line-height: 1.5;\">\u00a0<\/p>\r\n<p style=\"line-height: 1.5;\"><a href=\"https:\/\/www.renaud-bray.com\/Livres_Produit.aspx?id=710894&amp;def=Secrets+d%27Option+Canada(Les)%2cPHILPOT%2c+ROBIN%2cLESTER%2c+NORMAND%2c9782895492238\"><span style=\"font-size: 14pt;\"><img decoding=\"async\" style=\"display: block; margin-left: auto; margin-right: auto;\" src=\"https:\/\/lm-articles.nyc3.cdn.digitaloceanspaces.com\/content\/uploads\/2026\/08\/98e77dc7-99e7-4bac-bb70-57ca09f6392d.webp\" alt=\"\" width=\"300\" height=\"460\" loading=\"lazy\"><\/span><\/a><\/p>\r\n<p style=\"line-height: 1.5;\">\u00a0<\/p>\r\n<p style=\"line-height: 1.5;\">\u00a0<\/p>\r\n<p style=\"line-height: 1.5;\"><span style=\"font-size: 14pt;\">Son rapport de 2007 a \u00e9tabli \u00e0 539 000 $ le montant des d\u00e9penses ill\u00e9gales, tout en pr\u00e9cisant que d'autres n'avaient pu \u00eatre \u00e9valu\u00e9es. Les poursuites engag\u00e9es ne se sont pas sold\u00e9es par un acquittement. Elles sont au contraire tomb\u00e9es en 1997, lorsque la Cour supr\u00eame a jug\u00e9 inconstitutionnelles les dispositions de la loi r\u00e9f\u00e9rendaire sur les d\u00e9penses de tiers.\u00a0<\/span><\/p>\r\n<p style=\"line-height: 1.5;\">\u00a0<\/p>\r\n<p style=\"line-height: 1.5;\"><span style=\"font-size: 14pt;\">Certains confondront peut-\u00eatre l\u2019arr\u00eat d'une poursuite avec la preuve d'une innocence. Mais ce sont deux choses formellement diff\u00e9rentes. Dans certaines circonscriptions, le taux de bulletins rejet\u00e9s a par ailleurs grimp\u00e9 \u00e0 plus de dix fois la moyenne provinciale.<\/span><\/p>\r\n<p style=\"line-height: 1.5;\">\u00a0<\/p>\r\n<p style=\"line-height: 1.5;\"><span style=\"font-size: 14pt;\">Trois jours avant le vote r\u00e9f\u00e9rendaire, de 1995 toujours, 150 000 personnes convergeaient vers la place du Canada, \u00e0 Montr\u00e9al, pour le rassemblement rest\u00e9 dans la m\u00e9moire collective sous le nom de love-in. Air Canada et Inter-Canadien offraient des rabais incroyables, VIA Rail r\u00e9duisait fortement ses tarifs et Irving Oil organisait des autobus depuis le Nouveau-Brunswick.<\/span><\/p>\r\n<p style=\"line-height: 1.5;\">\u00a0<\/p>\r\n<p style=\"line-height: 1.5;\"><span style=\"font-size: 14pt;\">Jean Pelletier, chef de cabinet de Jean Chr\u00e9tien, a fini par admettre qu'il ne s'\u00e9tait jamais souci\u00e9 r\u00e9ellement de savoir qui payerait la note. \u00c0 la guerre, disait-il, l'\u00e9tat-major ne se demande pas si les munitions sont pay\u00e9es: on les tire, tout simplement.<\/span><\/p>\r\n<p style=\"line-height: 1.5;\">\u00a0<\/p>\r\n<p style=\"line-height: 1.5;\"><span style=\"font-size: 18pt;\"><strong>La r\u00e9cidive<\/strong><\/span><\/p>\r\n<p style=\"line-height: 1.5;\">\u00a0<\/p>\r\n<p style=\"line-height: 1.5;\"><span style=\"font-size: 14pt;\">Trente ans plus tard, la r\u00e9v\u00e9lation de Marchi a conduit <a href=\"https:\/\/www.lapresse.ca\/actualites\/politique\/2025-12-08\/comite-sur-l-operation-citoyennete\/jean-chretien-refuse-de-temoigner-a-ottawa.php\">un comit\u00e9 parlementaire<\/a> \u00e0 inviter les trois hommes \u00e0 t\u00e9moigner: Marchi lui-m\u00eame, Jean Chr\u00e9tien et l'ancien sous-ministre Peter Harder, devenu s\u00e9nateur. Le d\u00e9put\u00e9 bloquiste Alexis Brunelle-Duceppe, \u00e0 l'origine de la d\u00e9marche, a r\u00e9sum\u00e9 l'enjeu.<\/span><\/p>\r\n<p style=\"line-height: 1.5;\">\u00a0<\/p>\r\n<p style=\"line-height: 1.5;\"><span style=\"font-size: 14pt;\">Les lib\u00e9raux, a-t-il dit, doivent s'expliquer sur ce dossier. Le 8 d\u00e9cembre 2025, les trois hommes ont d\u00e9clin\u00e9 l'invitation. Rien ne les obligeait \u00e0 compara\u00eetre, puisque l\u2019invitation n'avait pas la force d'une assignation. Brunelle-Duceppe en a tir\u00e9 la conclusion qui, \u00e0 ses yeux, s'imposait.<\/span><\/p>\r\n<p style=\"line-height: 1.5;\">\u00a0<\/p>\r\n<p style=\"line-height: 1.5;\"><span style=\"font-size: 14pt;\">\u00abOn sait maintenant avec certitude que les lib\u00e9raux ont trich\u00e9 au r\u00e9f\u00e9rendum de 1995\u00bb, a-t-il d\u00e9clar\u00e9, les accusant d'avoir bafou\u00e9 la d\u00e9mocratie.<\/span><\/p>\r\n<p style=\"line-height: 1.5;\">\u00a0<\/p>\r\n<p style=\"line-height: 1.5;\"><span style=\"font-size: 14pt;\">Le gouvernement Carney n'a d'ailleurs rien fait pour dissiper les soup\u00e7ons. Le leader parlementaire Steven MacKinnon a m\u00eame parl\u00e9 d'une chasse aux sorci\u00e8res. Et le PM Mark Carney a sugg\u00e9r\u00e9 \u00e0 la Cambre des communes que ces scandales <a href=\"https:\/\/www.ledevoir.com\/politique\/canada\/936636\/scandales-referendum-1995-appartiennent-passe-assure-mark-carney\">appartiennent maintenant au pass\u00e9<\/a>.<\/span><\/p>\r\n<p style=\"line-height: 1.5;\">\u00a0<\/p>\r\n<p style=\"line-height: 1.5;\"><span style=\"font-size: 14pt;\">Au printemps, Carney \u00e9cartait la Loi sur la clart\u00e9 r\u00e9f\u00e9rendaire du vote albertain, mais soutenait dans une sortie qui a scandalis\u00e9 l'Assembl\u00e9e nationale, qu'une majorit\u00e9 claire n'est pas n\u00e9cessairement le fameux \u00ab50%+1\u00bb, sans jamais pr\u00e9ciser le seuil qu'il faudrait maintenant atteindre.\u00a0<\/span><\/p>\r\n<p style=\"line-height: 1.5;\">\u00a0<\/p>\r\n<p style=\"line-height: 1.5;\"><span style=\"font-size: 18pt;\"><strong>Le bouc \u00e9missaire<\/strong><\/span><\/p>\r\n<p style=\"line-height: 1.5;\">\u00a0<\/p>\r\n<p style=\"line-height: 1.5;\"><span style=\"font-size: 14pt;\">Le pass\u00e9 qu\u2019on voudrait croire r\u00e9volu revient pourtant sans cesse hanter notre pr\u00e9sent. Le 21 ao\u00fbt dernier, alors qu\u2019Ottawa et Washington se f\u00e9licitaient d'une entente commerciale \u00e0 venir, le Canada quittait promptement la table.\u00a0<\/span><\/p>\r\n<p style=\"line-height: 1.5;\">\u00a0<\/p>\r\n<p style=\"line-height: 1.5;\"><span style=\"font-size: 14pt;\">Mark Carney annon\u00e7ait que les \u00c9tats-Unis avaient trop demand\u00e9 pour qu'il accepte quoi que ce soit. Le pays r\u00e9pondrait aux tarifs am\u00e9ricains de 50 % par ses propres contre-tarifs, une riposte que Donald Trump a jug\u00e9e assez grave pour s'en indigner dans les m\u00e9dias. Christine Fr\u00e9chette suivait le dossier de pr\u00e8s depuis Qu\u00e9bec.<\/span><\/p>\r\n<p style=\"line-height: 1.5;\">\u00a0<\/p>\r\n<p style=\"line-height: 1.5;\"><span style=\"font-size: 14pt;\">Puis, le 27 ao\u00fbt, la campagne \u00e9lectorale qu\u00e9b\u00e9coise a \u00e9t\u00e9 d\u00e9clench\u00e9e. Fr\u00e9chette a trouv\u00e9 sa planche de salut. Elle a fait de Trump son adversaire d\u00e9clar\u00e9, le seul qui compterait vraiment, et demand\u00e9 en conf\u00e9rence de presse un mandat pour \u00abtraverser la temp\u00eate\u00bb.<\/span><\/p>\r\n<p style=\"line-height: 1.5;\">\u00a0<\/p>\r\n<p style=\"line-height: 1.5; text-align: center;\"><strong><span style=\"font-size: 18pt; font-family: verdana, geneva, sans-serif;\">\u00c0 lire aussi: <a href=\"..\/..\/..\/2026\/08\/23\/carney-frechette-et-les-medias-nous-refont-le-coup-de-la-covid\">Carney, Fr\u00e9chette et les m\u00e9dias nous refont le coup de la Covid<\/a><\/span><\/strong><\/p>\r\n<p style=\"line-height: 1.5;\">\u00a0<\/p>\r\n<p style=\"line-height: 1.5;\"><span style=\"font-size: 14pt;\">On sait depuis toujours fabriquer de l'unit\u00e9 en d\u00e9signant un ennemi commun et faire porter \u00e0 l'\u00e9tranger le poids des brisures qu'on refuse de nommer. C'est le triangle dramatique appliqu\u00e9 aux unit\u00e9s politiques. S'autoproclamer victime permet de fabriquer le bourreau n\u00e9cessaire et de construire de toutes pi\u00e8ces, du m\u00eame geste, un sauveur. Dans ce cas-ci, le bon Canada.<\/span><\/p>\r\n<p style=\"line-height: 1.5;\">\u00a0<\/p>\r\n<p style=\"line-height: 1.5;\"><span style=\"font-size: 14pt;\">On ne sait pas encore si Fr\u00e9chette remportera l'\u00e9lection alors qu\u2019au moment d'\u00e9crire ces lignes, elle est au <a href=\"https:\/\/www.lapresse.ca\/elections-quebecoises\/2026-08-28\/sondage-synopsis-la-presse\/surprise-la-caq-et-le-pq-au-coude-a-coude.php\">coude-\u00e0-coude avec le Parti qu\u00e9b\u00e9cois<\/a> dans les intentions de vote. Mais on sait d\u00e9j\u00e0 comment sera racont\u00e9e sa victoire, si elle survient.\u00a0<\/span><\/p>\r\n<p style=\"line-height: 1.5;\">\u00a0<\/p>\r\n<p style=\"line-height: 1.5;\"><span style=\"font-size: 14pt;\">On racontera l\u2019histoire d\u2019une femme debout devant l'ogre orange, cette fois devant un virus qu'aucun vaccin ne saurait \u00e9radiquer. \u00c9paul\u00e9e par Carney, v\u00e9ritable chef du camp du Non, elle aura eu le courage et l\u2019<em>empowerment <\/em>de lui tenir t\u00eate pour sauver le Qu\u00e9bec.\u00a0<\/span><\/p>\r\n<p style=\"line-height: 1.5;\">\u00a0<\/p>\r\n<p style=\"line-height: 1.5;\"><span style=\"font-size: 14pt;\">Jean Pelletier l\u2019avait dit: \u00e0 la guerre, on ne se demande pas si les munitions sont pay\u00e9es. Les contre-tarifs sont aujourd\u2019hui l\u2019arme de Carney, comme l\u2019acc\u00e9l\u00e9ration des naturalisations fut celle de Chr\u00e9tien en 1995. Fr\u00e9chette, elle, pourrait en r\u00e9colter les fruits: la d\u00e9faite du PQ et du projet r\u00e9f\u00e9rendaire assurerait son maintien au pouvoir dans une province condamn\u00e9e \u00e0 le rester.<\/span><\/p>\r\n<p style=\"line-height: 1.5;\">\u00a0<\/p>\r\n<p style=\"line-height: 1.5;\"><span style=\"font-size: 18pt;\"><strong>La version de Washington<\/strong><\/span><\/p>\r\n<p style=\"line-height: 1.5;\">\u00a0<\/p>\r\n<p style=\"line-height: 1.5;\"><span style=\"font-size: 14pt;\">Le jour m\u00eame o\u00f9 s\u2019ouvrait la campagne \u00e9lectorale qu\u00e9b\u00e9coise, le secr\u00e9taire am\u00e9ricain au Commerce, Howard Lutnick, a livr\u00e9 <a href=\"https:\/\/ici.radio-canada.ca\/nouvelle\/2278345\/lutnick-accuse-carney-nnuire-pq-negociations\">une version des faits<\/a> qu\u2019aucun responsable \u00e0 Ottawa n\u2019aurait formul\u00e9e de son plein gr\u00e9.<\/span><\/p>\r\n<p style=\"line-height: 1.5;\">\u00a0<\/p>\r\n<p style=\"line-height: 1.5;\"><span style=\"font-size: 14pt;\">Selon Lutnick, l'administration Carney aurait invent\u00e9 de toutes pi\u00e8ces des exigences am\u00e9ricaines touchant la langue des Canadiens fran\u00e7ais et la culture qu\u00e9b\u00e9coise pour justifier le retrait du Canada des n\u00e9gociations.<\/span><\/p>\r\n<p style=\"line-height: 1.5;\">\u00a0<\/p>\r\n<p style=\"line-height: 1.5;\"><span style=\"font-size: 14pt;\">\u00abEst-ce que vous pensez que \u00e7a m\u2019importe quelle langue parlent les Qu\u00e9b\u00e9cois? Qu\u2019est-ce qui pourrait moins importer aux Am\u00e9ricains? On s\u2019en fout\u00bb, a lanc\u00e9 Lutnick, avant d\u2019ajouter que \u00able fait est que nous n\u2019avons jamais prononc\u00e9 ces mots. C\u2019est fabriqu\u00e9\u00bb.\u00a0<\/span><\/p>\r\n<p style=\"line-height: 1.5;\">\u00a0<\/p>\r\n<p style=\"line-height: 1.5;\"><span style=\"font-size: 14pt;\">Lutnick inscrit plut\u00f4t ce calcul dans le calendrier \u00e9lectoral canadien, marqu\u00e9 par un Parti qu\u00e9b\u00e9cois en t\u00eate des sondages et par la pr\u00e9paration d\u2019un r\u00e9f\u00e9rendum en Alberta. La meilleure fa\u00e7on d'endiguer une vague s\u00e9cessionniste, \u00e0 l'ouest comme \u00e0 l'est, est encore de d\u00e9tourner les regards vers un ennemi commun au sud de la fronti\u00e8re, et ext\u00e9rieur au d\u00e9bat constitutionnel.<\/span><\/p>\r\n<p style=\"line-height: 1.5;\">\u00a0<\/p>\r\n<p style=\"line-height: 1.5; text-align: center;\"><strong><span style=\"font-size: 18pt; font-family: verdana, geneva, sans-serif;\">\u00c0 lire aussi: <a href=\"..\/..\/..\/2026\/08\/18\/referendum-repousse-a-cause-de-trump-le-piege-que-pspp-se-tend\">R\u00e9f\u00e9rendum repouss\u00e9 \u00e0 cause de Trump: le pi\u00e8ge que se tend PSPP<\/a><\/span><\/strong><\/p>\r\n<p style=\"line-height: 1.5;\">\u00a0<\/p>\r\n<p style=\"line-height: 1.5;\"><span style=\"font-size: 14pt;\">Il faut prendre la source pour ce qu'elle est. Il s\u2019agit d\u2019un n\u00e9gociateur am\u00e9ricain qui n'a pas plus de raison d'aimer le Canada postnational que le Qu\u00e9bec et qui cherche, lui aussi, \u00e0 faire porter \u00e0 Ottawa le poids de l\u2019\u00e9chec <em>in extremis<\/em> des n\u00e9gociations. Mais rien, dans cet \u00e9chec, ne lui donnait un r\u00e9el int\u00e9r\u00eat \u00e0 mentir sur ce point pr\u00e9cis.<\/span><\/p>\r\n<p style=\"line-height: 1.5;\">\u00a0<\/p>\r\n<p style=\"line-height: 1.5;\"><span style=\"font-size: 14pt;\">L'accusation, si elle est fond\u00e9e, d\u00e9crit avec pr\u00e9cision le geste dont il est ici question. Qu\u2019Ottawa ne se laissera pas d\u00e9membrer sans se battre jusqu'au bout. Et ce combat lui importe, historiquement, bien davantage que cinq points de pourcentage de tarifs douaniers. Nous ne sommes m\u00eame pas encore en campagne r\u00e9f\u00e9rendaire, imaginez alors la hargne qu'il pourra d\u00e9ployer \u00e0 ce moment-l\u00e0\u2026<\/span><\/p>\r\n<p style=\"line-height: 1.5;\">\u00a0<\/p>\r\n<p style=\"line-height: 1.5;\"><span style=\"font-size: 14pt;\">Mentir pour endormir une population sous une menace commune, amener le Qu\u00e9bec boomer dans ce d\u00e9lire, ne serait alors qu'un outil parmi d'autres. Un ennemi orange, bien commode, donne \u00e0 Ottawa un amour qu'il n'a jamais su m\u00e9riter autrement par lui-m\u00eame.<\/span><\/p>\r\n<p style=\"line-height: 1.5;\">\u00a0<\/p>\r\n<p style=\"line-height: 1.5; text-align: center;\"><strong><span style=\"font-size: 18pt; font-family: verdana, geneva, sans-serif;\">\u00c0 lire aussi: <a href=\"..\/..\/..\/2026\/08\/21\/trump-lautre-autre-rendez-vous-manque-des-quebecois-avec-lhistoire\">Trump, l\u2019autre rendez-vous manqu\u00e9 des Qu\u00e9b\u00e9cois avec l\u2019histoire<\/a><\/span><\/strong><\/p>\r\n<p style=\"line-height: 1.5;\">\u00a0<\/p>\r\n<p style=\"line-height: 1.5;\"><span style=\"font-size: 14pt;\">Voil\u00e0 comment une question de peuple et de destin historique finit par devenir une question de communication politique et de calendrier \u00e9lectoral. Tout cela reste \u00e0 prouver. Mais l\u2019hypoth\u00e8se, quant \u00e0 moi, n\u2019a rien d\u2019extravagant.\u00a0<\/span><\/p>\r\n<p style=\"line-height: 1.5;\">\u00a0<\/p>\r\n<p style=\"line-height: 1.5;\"><span style=\"font-size: 14pt;\">Saurons-nous seulement, collectivement, ne pas nous laisser berner par ces magouilles du gouvernement f\u00e9d\u00e9ral? Ou manifesterons-nous encore une fois les sympt\u00f4mes de cette \u00abpermanence tranquille\u00bb nomm\u00e9e par Lamonde et Vadeboncoeur qui nous incite constamment \u00e0 reporter \u00e0 demain l'id\u00e9e m\u00eame de notre ind\u00e9pendance?<\/span><\/p>\r\n<p>\u00a0<\/p>","photo_path":"H1jfx8SoQvCJBzv1R84FIjnSkjav5lz5dN74yyBb.webp","photo_width":1200,"photo_height":800,"photo_meta":{"v":1,"width":1200,"height":800,"variants":[{"key":"variants\/H1jfx8SoQvCJBzv1R84FIjnSkjav5lz5dN74yyBb-400.webp","width":400},{"key":"variants\/H1jfx8SoQvCJBzv1R84FIjnSkjav5lz5dN74yyBb-800.webp","width":800},{"key":"variants\/H1jfx8SoQvCJBzv1R84FIjnSkjav5lz5dN74yyBb-1200.webp","width":1200}]},"photo_subtitle":"La premi\u00e8re ministre du Qu\u00e9bec, Christine Fr\u00e9chette (\u00e0 gauche), applaudit lors d\u2019une conf\u00e9rence de presse avec le premier ministre canadien, Mark Carney, au chantier naval Davie de L\u00e9vis, le 24 ao\u00fbt 2026. Photo: Andrej IVANOV pour l\u2019AFP.","youtube_embed_video_url":null,"thumbnail_path":null,"views_count":2297,"exclusive":1,"published_at":"2026-08-29T16:05:59.000000Z","featured_until":"2026-08-30T16:08:02.000000Z","intro_audio_url":null,"full_audio_url":"https:\/\/lm-audio.tor1.digitaloceanspaces.com\/lm-audio\/audios\/article_2696_dictation.mp3","audio_last_generated_at":"2026-08-29T17:32:18.000000Z","created_at":"2026-08-29T16:08:52.000000Z","updated_at":"2026-08-31T13:45:20.000000Z","category_id":2,"send_push_notif":1,"push_notif_sent":"2026-08-29T16:11:10.000000Z","link":"https:\/\/libre-media.com\/2026\/08\/29\/carney-et-frechette-fabriquent-une-crise-pour-preserver-le-canada","photo_link":"https:\/\/lm-articles.nyc3.cdn.digitaloceanspaces.com\/H1jfx8SoQvCJBzv1R84FIjnSkjav5lz5dN74yyBb.webp","photo":{"fallback_url":"https:\/\/lm-articles.nyc3.cdn.digitaloceanspaces.com\/H1jfx8SoQvCJBzv1R84FIjnSkjav5lz5dN74yyBb.webp","width":1200,"height":800,"variants":[{"width":400,"url":"https:\/\/lm-articles.nyc3.cdn.digitaloceanspaces.com\/variants\/H1jfx8SoQvCJBzv1R84FIjnSkjav5lz5dN74yyBb-400.webp"},{"width":800,"url":"https:\/\/lm-articles.nyc3.cdn.digitaloceanspaces.com\/variants\/H1jfx8SoQvCJBzv1R84FIjnSkjav5lz5dN74yyBb-800.webp"},{"width":1200,"url":"https:\/\/lm-articles.nyc3.cdn.digitaloceanspaces.com\/variants\/H1jfx8SoQvCJBzv1R84FIjnSkjav5lz5dN74yyBb-1200.webp"}]},"published_at_formatted":"Samedi le 29 ao\u00fbt 2026, \u00e0 12:05","excerpts":"<p style=\"line-height: 1.5;\"><span style=\"font-size: 18pt;\">Trente ans apr\u00e8s les man\u0153uvres du f\u00e9d\u00e9ral lors du r\u00e9f\u00e9rendum de 1995, Mark Carney et Christine Fr\u00e9chette se servent de la crise avec Donald Trump pour...","category":{"id":2,"name":"Id\u00e9es","slug":"idees","banner_photo":"sV8c0QQA1AXJY2bpoT7zUCqc1OAlvUxG53asVBPv.jpg","order":2,"color":"#d3fc6c","_lft":3,"_rgt":8,"parent_id":null,"created_at":null,"updated_at":"2022-05-09T05:22:46.000000Z","color_code":"d3fc6c","banner_link":"https:\/\/lm-articles.nyc3.cdn.digitaloceanspaces.com\/sV8c0QQA1AXJY2bpoT7zUCqc1OAlvUxG53asVBPv.jpg"},"tags":[{"id":10,"name":{"fr":"Qu\u00e9bec"},"slug":{"fr":"quebec"},"type":null,"order_column":10,"created_at":"2023-09-06T18:33:55.000000Z","updated_at":"2023-09-06T18:33:55.000000Z","pivot":{"taggable_type":"App\\Models\\Article","taggable_id":2696,"tag_id":10}},{"id":16,"name":{"fr":"Canada"},"slug":{"fr":"canada"},"type":null,"order_column":16,"created_at":"2023-09-09T22:17:06.000000Z","updated_at":"2023-09-09T22:17:06.000000Z","pivot":{"taggable_type":"App\\Models\\Article","taggable_id":2696,"tag_id":16}},{"id":39,"name":{"fr":"\u00c9tats-Unis"},"slug":{"fr":"etats-unis"},"type":null,"order_column":39,"created_at":"2023-09-28T17:34:10.000000Z","updated_at":"2023-09-28T17:34:10.000000Z","pivot":{"taggable_type":"App\\Models\\Article","taggable_id":2696,"tag_id":39}},{"id":74,"name":{"fr":"Trump"},"slug":{"fr":"trump"},"type":null,"order_column":74,"created_at":"2023-10-25T21:21:21.000000Z","updated_at":"2023-10-25T21:21:21.000000Z","pivot":{"taggable_type":"App\\Models\\Article","taggable_id":2696,"tag_id":74}},{"id":153,"name":{"fr":"Souverainet\u00e9"},"slug":{"fr":"souverainete"},"type":null,"order_column":150,"created_at":"2024-02-20T16:26:01.000000Z","updated_at":"2024-02-20T16:26:01.000000Z","pivot":{"taggable_type":"App\\Models\\Article","taggable_id":2696,"tag_id":153}},{"id":163,"name":{"fr":"PQ"},"slug":{"fr":"pq"},"type":null,"order_column":160,"created_at":"2024-03-04T19:52:08.000000Z","updated_at":"2024-03-04T19:52:08.000000Z","pivot":{"taggable_type":"App\\Models\\Article","taggable_id":2696,"tag_id":163}},{"id":340,"name":{"fr":"Carney"},"slug":{"fr":"carney"},"type":null,"order_column":334,"created_at":"2025-01-28T17:40:12.000000Z","updated_at":"2025-01-28T17:40:12.000000Z","pivot":{"taggable_type":"App\\Models\\Article","taggable_id":2696,"tag_id":340}},{"id":550,"name":{"fr":"Fr\u00e9chette"},"slug":{"fr":"frechette"},"type":null,"order_column":542,"created_at":"2026-04-30T14:15:59.000000Z","updated_at":"2026-04-30T14:15:59.000000Z","pivot":{"taggable_type":"App\\Models\\Article","taggable_id":2696,"tag_id":550}}]},{"id":2695,"user_id":5062,"slug":"au-venezuela-la-vie-reprend-mais-le-monstre-est-encore-vivant","title":"Au Venezuela, la vie reprend, mais \u00able monstre est encore vivant\u00bb","subtitle":null,"lead":null,"content":"<p style=\"line-height: 1.5;\"><span style=\"font-size: 18pt;\"><strong>Huit mois apr\u00e8s la capture de Nicol\u00e1s Maduro par l\u2019arm\u00e9e am\u00e9ricaine, les V\u00e9n\u00e9zu\u00e9liens gardent un go\u00fbt amer. La peur recule, mais la crise \u00e9conomique persiste et des centaines de prisonniers politiques restent derri\u00e8re les barreaux.<\/strong><\/span><\/p>\r\n<p style=\"line-height: 1.5;\">\u00a0<\/p>\r\n<p style=\"line-height: 1.5;\"><span style=\"font-size: 14pt;\">Marbelis Daliz et son mari, entrepreneurs, font toujours face \u00e0 cette hausse effr\u00e9n\u00e9e des prix, mais aussi aux coupures d\u2019\u00e9lectricit\u00e9 qui refl\u00e8tent l\u2019effondrement des services dans le pays.<\/span><\/p>\r\n<p style=\"line-height: 1.5;\">\u00a0<\/p>\r\n<p style=\"line-height: 1.5;\"><span style=\"font-size: 14pt;\">Le Venezuela dispose des plus grandes r\u00e9serves de p\u00e9trole de la plan\u00e8te, mais s\u2019est emp\u00eatr\u00e9 dans une crise \u00e9conomique qui a vu le PIB se contracter de 80% en dix ans avant une l\u00e9g\u00e8re reprise.<\/span><\/p>\r\n<p style=\"line-height: 1.5;\">\u00a0<\/p>\r\n<p style=\"line-height: 1.5; text-align: center;\"><strong><span style=\"font-size: 18pt; font-family: verdana, geneva, sans-serif;\">\u00c0 lire aussi: <a href=\"..\/..\/..\/2026\/08\/12\/les-americains-veulent-eviter-la-guerre-civile-au-venezuela\">\u00abLes Am\u00e9ricains veulent \u00e9viter la guerre civile au Venezuela\u00bb<\/a><\/span><\/strong><\/p>\r\n<p style=\"line-height: 1.5;\">\u00a0<\/p>\r\n<p style=\"line-height: 1.5;\"><span style=\"font-size: 14pt;\">\u00abApr\u00e8s le 3 janvier [date de l\u2019intervention am\u00e9ricaine], nous avions des attentes et une joie telles que nous nous disions: \"\u00c7a y est, le Venezuela a chang\u00e9.\" Mais malheureusement, la r\u00e9alit\u00e9 nous a \u00e9cras\u00e9s\u00bb, raconte \u00e0 l\u2019AFP cette p\u00e2tissi\u00e8re de 54 ans, tout en pr\u00e9parant une pavlova \u00e0 la h\u00e2te, de peur qu\u2019une panne de courant ne la laisse dans le noir.<\/span><\/p>\r\n<p style=\"line-height: 1.5;\">\u00a0<\/p>\r\n<p style=\"line-height: 1.3; text-align: center;\"><span style=\"font-size: 14pt;\"><img width=\"1200\" height=\"778\" loading=\"lazy\" decoding=\"async\" alt=\"\" src=\"https:\/\/lm-articles.nyc3.cdn.digitaloceanspaces.com\/content\/uploads\/2026\/08\/7358a26b-7eb9-423d-ae43-4ce94f14636a.webp\"><\/span><em>Le couturier v\u00e9n\u00e9zu\u00e9lien Javier Chacon (\u00e0 gauche) et la p\u00e2tissi\u00e8re Marbelis Daliz posent dans leur p\u00e2tisserie de Caracas, le 21 ao\u00fbt 2026. Photo: Maryorin MENDEZ pour l\u2019AFP.<\/em><\/p>\r\n<p style=\"line-height: 1.5;\">\u00a0<\/p>\r\n<p style=\"line-height: 1.5;\">\u00a0<\/p>\r\n<p style=\"line-height: 1.5;\"><span style=\"font-size: 14pt;\">Ses g\u00e2teaux couvrent \u00e0 peine les co\u00fbts, mais elle refuse de baisser les bras. \u00abL\u2019\u00e9conomie est un d\u00e9sastre. J\u2019ai l\u2019espoir qu\u2019\u00e0 un moment donn\u00e9, tout cela se termine et que nous nous relevions.\u00bb<\/span><\/p>\r\n<p style=\"line-height: 1.5;\">\u00a0<\/p>\r\n<p style=\"line-height: 1.5;\"><span style=\"font-size: 18pt;\"><strong>\u00abLe dictateur, pas la dictature\u00bb<\/strong><\/span><\/p>\r\n<p style=\"line-height: 1.5;\">\u00a0<\/p>\r\n<p style=\"line-height: 1.5;\"><span style=\"font-size: 14pt;\">Avec l\u2019intervention am\u00e9ricaine, beaucoup s\u2019attendaient \u00e0 une pluie de dollars, mais la spirale inflationniste se poursuit et les salaires restent minimes.<\/span><\/p>\r\n<p style=\"line-height: 1.5;\">\u00a0<\/p>\r\n<p style=\"line-height: 1.5;\"><span style=\"font-size: 14pt;\">L\u2019inflation annuelle en bolivars avoisine les 575%, selon la Banque centrale, tandis que, selon des analystes, celle en dollars a avoisin\u00e9 35% en 2025.<\/span><\/p>\r\n<p style=\"line-height: 1.5;\">\u00a0<\/p>\r\n<p style=\"line-height: 1.5;\"><span style=\"font-size: 14pt;\">Zaida Mujica, travailleuse sociale de 61 ans, dit avoir nourri \u00abbeaucoup d\u2019espoirs\u00bb apr\u00e8s la capture de Nicolas Maduro. <\/span><span style=\"font-size: 14pt;\">\u00abBien s\u00fbr, c\u2019est quelque chose qui a plu \u00e0 tout le monde.\u00bb Mais \u00abils ont emmen\u00e9 le dictateur, pas la dictature [\u2026] Il n\u2019y a rien eu qui profite au peuple\u00bb, regrette-t-elle.<\/span><\/p>\r\n<p style=\"line-height: 1.5;\">\u00a0<\/p>\r\n<p style=\"line-height: 1.5;\"><span style=\"font-size: 14pt;\">La pr\u00e9sidente par int\u00e9rim, Delcy Rodr\u00edguez, qui gouverne sous forte pression de Washington, a promu une r\u00e9forme des lois sur les hydrocarbures et les mines afin d\u2019attirer les investissements \u00e9trangers.<\/span><\/p>\r\n<p style=\"line-height: 1.5;\">\u00a0<\/p>\r\n<p style=\"line-height: 1.5; text-align: center;\"><strong><span style=\"font-size: 18pt; font-family: verdana, geneva, sans-serif;\">\u00c0 lire aussi: <a href=\"..\/..\/..\/2026\/07\/02\/au-venezuela-la-censure-du-regime-survit-au-seisme-historique\">Au Venezuela, la censure du r\u00e9gime survit au s\u00e9isme historique<\/a><\/span><\/strong><br><span style=\"font-size: 14pt;\">\u00a0<\/span><\/p>\r\n<p style=\"line-height: 1.5;\"><span style=\"font-size: 14pt;\">La production quotidienne de p\u00e9trole v\u00e9n\u00e9zu\u00e9lien a augment\u00e9 de pr\u00e8s de 30% depuis la capture de M. Maduro, selon des chiffres officiels.<\/span><\/p>\r\n<p style=\"line-height: 1.5;\">\u00a0<\/p>\r\n<p style=\"line-height: 1.5;\"><span style=\"font-size: 14pt;\">Toutefois, les salaires restent tr\u00e8s faibles dans un pays o\u00f9 le panier alimentaire pour une famille avoisine les 730 dollars, selon le centre de recherche Cendas.<\/span><\/p>\r\n<p style=\"line-height: 1.5;\">\u00a0<\/p>\r\n<p style=\"line-height: 1.5;\"><span style=\"font-size: 18pt;\"><strong>\u00abContinuer \u00e0 se battre\u00bb<\/strong><\/span><\/p>\r\n<p style=\"line-height: 1.5;\">\u00a0<\/p>\r\n<p style=\"line-height: 1.5;\"><span style=\"font-size: 14pt;\">Mme Rodr\u00edguez a relev\u00e9 en avril \u00e0 240 dollars le \u00abrevenu minimum int\u00e9gral\u00bb des salari\u00e9s du gouvernement, compos\u00e9 essentiellement de primes et d\u2019un salaire minimum d\u00e9risoire de 130 bolivars, soit quelques centimes de dollar.<\/span><\/p>\r\n<p style=\"line-height: 1.5;\">\u00a0<\/p>\r\n<p style=\"line-height: 1.5;\"><span style=\"font-size: 14pt;\">\u00abUn changement politique \u00e9tait extr\u00eamement important, n\u00e9cessaire, mais il ne suffit pas \u00e0 g\u00e9n\u00e9rer une stabilit\u00e9 et une croissance macro\u00e9conomiques\u00bb, rel\u00e8ve Jos\u00e9 Manuel Puente, universitaire \u00e0 l\u2019Institut d\u2019\u00e9tudes sup\u00e9rieures d\u2019administration (IESA). Tant que le pays a \u00abl\u2019inflation la plus \u00e9lev\u00e9e du monde, il n\u2019y aura pas de bien-\u00eatre\u00bb.<\/span><\/p>\r\n<p style=\"line-height: 1.5;\">\u00a0<\/p>\r\n<p style=\"line-height: 1.5;\"><span style=\"font-size: 14pt;\">Javier Chacon, couturier de 44 ans, a c\u00e9l\u00e9br\u00e9 \u00e0 huis clos avec son \u00e9pouse la capture de Nicolas Maduro, craignant la r\u00e9pression f\u00e9roce de ces derni\u00e8res ann\u00e9es.<\/span><\/p>\r\n<p style=\"line-height: 1.5;\">\u00a0<\/p>\r\n<p style=\"line-height: 1.5;\"><span style=\"font-size: 14pt;\">\u00abNous avons cru qu\u2019il allait y avoir un changement\u00bb, raconte-t-il \u00e0 l\u2019AFP depuis un march\u00e9 populaire de Caracas. \u00abMalheureusement, au Venezuela, nous ne faisons que survivre.\u00bb<\/span><\/p>\r\n<p style=\"line-height: 1.5; text-align: center;\">\u00a0<\/p>\r\n<p style=\"line-height: 1.5; text-align: center;\"><strong><span style=\"font-size: 18pt; font-family: verdana, geneva, sans-serif;\">\u00c0 lire aussi: <a href=\"..\/..\/..\/2026\/05\/01\/sainz-borgo-le-venezuela-reste-a-ce-jour-une-dictature-meurtriere\">Sainz Borgo: \u00able Venezuela reste \u00e0 ce jour une dictature meurtri\u00e8re\u00bb<\/a><\/span><\/strong><\/p>\r\n<p style=\"line-height: 1.5; text-align: center;\">\u00a0<\/p>\r\n<p style=\"line-height: 1.5;\"><span style=\"font-size: 14pt;\">Le double s\u00e9isme de juin, qui a fait plus de 6500 morts, d\u00e9truit des centaines de b\u00e2timents et laiss\u00e9 plus de 25 000 personnes sans logement, a encore aggrav\u00e9 la situation.<\/span><\/p>\r\n<p style=\"line-height: 1.5;\">\u00a0<\/p>\r\n<p style=\"line-height: 1.5;\"><span style=\"font-size: 14pt;\">L\u2019appartement de Carmen Ramirez, commer\u00e7ante de 40 ans qui vend des produits d\u2019hygi\u00e8ne sur une place de Caracas, a \u00e9t\u00e9 endommag\u00e9 lors des s\u00e9ismes du 24 juin. \u00abIl faut sortir et continuer \u00e0 se battre\u00bb, lance-t-elle en rangeant sa marchandise \u00e0 l\u2019arri\u00e8re de son camion.<\/span><\/p>\r\n<p style=\"line-height: 1.5;\">\u00a0<\/p>\r\n<p style=\"line-height: 1.5;\"><span style=\"font-size: 18pt;\"><strong>Prisonniers politiques<\/strong><\/span><\/p>\r\n<p style=\"line-height: 1.5;\">\u00a0<\/p>\r\n<p style=\"line-height: 1.5;\"><span style=\"font-size: 14pt;\">Il y a n\u00e9anmoins un changement notable sur le plan politique: la disparition de la peur apr\u00e8s la r\u00e9pression et les arrestations massives qui ont suivi la r\u00e9\u00e9lection contest\u00e9e de Nicolas Maduro en 2024, entach\u00e9e de fraude selon l\u2019opposition.<\/span><\/p>\r\n<p style=\"line-height: 1.5;\">\u00a0<\/p>\r\n<p style=\"line-height: 1.5;\"><span style=\"font-size: 14pt;\">Dans son atelier, o\u00f9 flotte l\u2019odeur de g\u00e2teaux \u00e0 la banane fra\u00eechement sortis du four, Marbelis Daliz s\u2019en r\u00e9jouit.<\/span><\/p>\r\n<p style=\"line-height: 1.5;\">\u00a0<\/p>\r\n<p style=\"line-height: 1.5;\"><span style=\"font-size: 14pt;\">\u00abJe n\u2019osais pas mettre un message politique sur Instagram. Maintenant, oui. J\u2019\u00e9cris: \u201cQu\u00e9 ch\u00e9vere [expression signifiant \"bien\" ou \"super\"] que Maduro soit parti!\u201d\u00bb, dit-elle.<\/span><\/p>\r\n<p style=\"line-height: 1.5;\">\u00a0<\/p>\r\n<p style=\"line-height: 1.5;\"><span style=\"font-size: 14pt;\">Depuis des mois, enseignants, travailleurs de la sant\u00e9, proches de prisonniers politiques et militants de gauche manifestent \u00e0 nouveau.<\/span><\/p>\r\n<p style=\"line-height: 1.5;\">\u00a0<\/p>\r\n<p style=\"line-height: 1.3; text-align: center;\"><span style=\"font-size: 14pt;\"><img width=\"1200\" height=\"800\" loading=\"lazy\" decoding=\"async\" alt=\"\" src=\"https:\/\/lm-articles.nyc3.cdn.digitaloceanspaces.com\/content\/uploads\/2026\/08\/059ee6fb-9619-45a0-9367-ff3202463f77.webp\"><\/span><em>Des opposants au gouvernement v\u00e9n\u00e9zu\u00e9lien manifestent pour r\u00e9clamer la tenue d\u2019une \u00e9lection pr\u00e9sidentielle, \u00e0 Caracas, le 20 ao\u00fbt 2026. Photo: Federico PARRA pour l\u2019AFP.<\/em><br><br><\/p>\r\n<p style=\"line-height: 1.5;\">\u00a0<\/p>\r\n<p style=\"line-height: 1.5;\"><span style=\"font-size: 14pt;\">Par ailleurs, un dialogue politique sous l\u2019\u00e9gide de Washington a d\u00e9but\u00e9 entre le pouvoir et l\u2019opposition, en vue d\u2019une transition d\u00e9mocratique. Cependant, pour certains V\u00e9n\u00e9zu\u00e9liens, dont Jerry Ostos, ancien prisonnier politique de 56 ans lib\u00e9r\u00e9 en mars, la peur reste latente.<\/span><\/p>\r\n<p style=\"line-height: 1.5;\">\u00a0<\/p>\r\n<p style=\"line-height: 1.5;\"><span style=\"font-size: 18pt;\"><strong>Une lib\u00e9ration tr\u00e8s partielle<\/strong><\/span><\/p>\r\n<p style=\"line-height: 1.5;\">\u00a0<\/p>\r\n<p style=\"line-height: 1.5;\"><span style=\"font-size: 14pt;\">Le pouvoir \u00abcontinue de maintenir en d\u00e9tention des gens qui ont une opinion diff\u00e9rente\u00bb, souligne-t-il. Il a purg\u00e9 deux ans de prison pour avoir brandi une pancarte avec un message anti-Maduro et doit se pr\u00e9senter au tribunal tous les mois, toujours accus\u00e9 d\u2019avoir voulu tuer le pr\u00e9sident.<\/span><\/p>\r\n<p style=\"line-height: 1.5;\">\u00a0<\/p>\r\n<p style=\"line-height: 1.5;\"><span style=\"font-size: 14pt;\">Le gouvernement affirme avoir lib\u00e9r\u00e9 1046 prisonniers politiques depuis janvier, mais selon l\u2019ONG Foro Penal, pr\u00e8s de 400 sont toujours derri\u00e8re les barreaux. Pour M. Ostos, \u00able monstre est encore vivant\u00bb.<\/span><\/p>\r\n<p style=\"line-height: 1.5;\">\u00a0<\/p>","photo_path":"8JvOx45sd7CQNAAHb6jKUzPgowYclSCyfZOVOh9I.webp","photo_width":1200,"photo_height":800,"photo_meta":{"v":1,"width":1200,"height":800,"variants":[{"key":"variants\/8JvOx45sd7CQNAAHb6jKUzPgowYclSCyfZOVOh9I-400.webp","width":400},{"key":"variants\/8JvOx45sd7CQNAAHb6jKUzPgowYclSCyfZOVOh9I-800.webp","width":800},{"key":"variants\/8JvOx45sd7CQNAAHb6jKUzPgowYclSCyfZOVOh9I-1200.webp","width":1200}]},"photo_subtitle":"Un motocycliste passe devant une murale repr\u00e9sentant le pr\u00e9sident v\u00e9n\u00e9zu\u00e9lien d\u00e9chu Nicol\u00e1s Maduro faisant le signe de la victoire, \u00e0 Caracas, le 14 mai 2026. Photo: Federico PARRA pour l\u2019AFP.","youtube_embed_video_url":null,"thumbnail_path":null,"views_count":295,"exclusive":0,"published_at":"2026-08-28T20:00:00.000000Z","featured_until":"2026-08-28T19:59:37.000000Z","intro_audio_url":null,"full_audio_url":"https:\/\/lm-audio.tor1.digitaloceanspaces.com\/lm-audio\/audios\/article_2695_dictation.mp3","audio_last_generated_at":"2026-08-29T16:12:24.000000Z","created_at":"2026-08-28T20:00:03.000000Z","updated_at":"2026-08-30T01:52:14.000000Z","category_id":3,"send_push_notif":1,"push_notif_sent":"2026-08-28T20:03:20.000000Z","link":"https:\/\/libre-media.com\/2026\/08\/28\/au-venezuela-la-vie-reprend-mais-le-monstre-est-encore-vivant","photo_link":"https:\/\/lm-articles.nyc3.cdn.digitaloceanspaces.com\/8JvOx45sd7CQNAAHb6jKUzPgowYclSCyfZOVOh9I.webp","photo":{"fallback_url":"https:\/\/lm-articles.nyc3.cdn.digitaloceanspaces.com\/8JvOx45sd7CQNAAHb6jKUzPgowYclSCyfZOVOh9I.webp","width":1200,"height":800,"variants":[{"width":400,"url":"https:\/\/lm-articles.nyc3.cdn.digitaloceanspaces.com\/variants\/8JvOx45sd7CQNAAHb6jKUzPgowYclSCyfZOVOh9I-400.webp"},{"width":800,"url":"https:\/\/lm-articles.nyc3.cdn.digitaloceanspaces.com\/variants\/8JvOx45sd7CQNAAHb6jKUzPgowYclSCyfZOVOh9I-800.webp"},{"width":1200,"url":"https:\/\/lm-articles.nyc3.cdn.digitaloceanspaces.com\/variants\/8JvOx45sd7CQNAAHb6jKUzPgowYclSCyfZOVOh9I-1200.webp"}]},"published_at_formatted":"Vendredi le 28 ao\u00fbt 2026, \u00e0 16:00","excerpts":"<p style=\"line-height: 1.5;\"><span style=\"font-size: 18pt;\">Huit mois apr\u00e8s la capture de Nicol\u00e1s Maduro par l\u2019arm\u00e9e am\u00e9ricaine, les V\u00e9n\u00e9zu\u00e9liens gardent un go\u00fbt amer. La peur recule, mais la crise \u00e9conomique persiste et...","category":{"id":3,"name":"Monde","slug":"monde","banner_photo":"fRRRkvjJLFdlW30gEtaOUHrXB7HxhyttrIZpi3JH.jpg","order":3,"color":"#fa636d","_lft":9,"_rgt":10,"parent_id":null,"created_at":null,"updated_at":"2022-05-09T05:23:04.000000Z","color_code":"fa636d","banner_link":"https:\/\/lm-articles.nyc3.cdn.digitaloceanspaces.com\/fRRRkvjJLFdlW30gEtaOUHrXB7HxhyttrIZpi3JH.jpg"},"tags":[{"id":39,"name":{"fr":"\u00c9tats-Unis"},"slug":{"fr":"etats-unis"},"type":null,"order_column":39,"created_at":"2023-09-28T17:34:10.000000Z","updated_at":"2023-09-28T17:34:10.000000Z","pivot":{"taggable_type":"App\\Models\\Article","taggable_id":2695,"tag_id":39}},{"id":60,"name":{"fr":"Am\u00e9rique latine"},"slug":{"fr":"amerique-latine"},"type":null,"order_column":60,"created_at":"2023-10-11T14:14:13.000000Z","updated_at":"2023-10-11T14:14:13.000000Z","pivot":{"taggable_type":"App\\Models\\Article","taggable_id":2695,"tag_id":60}},{"id":112,"name":{"fr":"Venezuela"},"slug":{"fr":"venezuela"},"type":null,"order_column":112,"created_at":"2024-01-03T16:40:26.000000Z","updated_at":"2024-01-03T16:40:26.000000Z","pivot":{"taggable_type":"App\\Models\\Article","taggable_id":2695,"tag_id":112}},{"id":237,"name":{"fr":"Maduro"},"slug":{"fr":"maduro"},"type":null,"order_column":234,"created_at":"2024-07-31T13:44:20.000000Z","updated_at":"2024-07-31T13:44:20.000000Z","pivot":{"taggable_type":"App\\Models\\Article","taggable_id":2695,"tag_id":237}}]},{"id":2694,"user_id":8911,"slug":"presidentielle-en-france-la-droite-face-au-verrou-du-statu-quo","title":"Pr\u00e9sidentielle en France: la campagne s\u2019ouvre dans la m\u00e9fiance","subtitle":null,"lead":null,"content":"<p style=\"line-height: 1.5;\"><span style=\"font-size: 18pt;\"><strong>La pr\u00e9sidentielle fran\u00e7aise de 2027 s\u2019engage sous le contr\u00f4le des forces du <em>statu quo,<\/em> qui verrouillent le jeu politique et rendent tr\u00e8s difficile l\u2019arriv\u00e9e au pouvoir d\u2019une v\u00e9ritable droite de rupture.<\/strong><\/span><\/p>\r\n<p style=\"line-height: 1.5;\">\u00a0<\/p>\r\n<p style=\"line-height: 1.5;\"><span style=\"font-size: 14pt;\">En France, c\u2019est la rentr\u00e9e politique. Et le premier d\u00e9bat de l\u2019\u00e9lection pr\u00e9sidentielle de 2027. \u00c0 233 jours du scrutin, sept candidats se sont affront\u00e9s, jeudi 27 ao\u00fbt, devant les patrons de l\u2019Hexagone, <a href=\"https:\/\/www.youtube.com\/watch?v=rpURHoN54bQ\">r\u00e9unis par le Mouvement des entreprises de France (MEDEF).<\/a><\/span><\/p>\r\n<p style=\"line-height: 1.5;\">\u00a0<\/p>\r\n<p style=\"line-height: 1.5;\"><span style=\"font-size: 14pt;\">Pendant trois heures, Gabriel Attal (Renaissance), Marine Le Pen (Rassemblement national), Jean-Luc M\u00e9lenchon (La France insoumise), \u00c9douard Philippe (Horizons), Marine Tondelier (Europe \u00c9cologie-Les Verts), Bruno Retailleau (Les R\u00e9publicains) et Rapha\u00ebl Glucksmann (Place publique) ont d\u00e9fendu leurs propositions et crois\u00e9 le fer, lan\u00e7ant de fait la campagne pour la succession d\u2019Emmanuel Macron.<\/span><\/p>\r\n<p style=\"line-height: 1.5;\">\u00a0<\/p>\r\n<p style=\"line-height: 1.5;\"><span style=\"font-size: 14pt;\">Au c\u0153ur des \u00e9changes: l\u2019enjeu de la dette publique, la comp\u00e9tition internationale et les difficult\u00e9s des petites et moyennes entreprises.<\/span><\/p>\r\n<p style=\"line-height: 1.5;\">\u00a0<\/p>\r\n<p style=\"line-height: 1.5;\"><span style=\"font-size: 14pt;\">Dans un contexte de creusement de 1280 milliards d\u2019euros de l\u2019endettement tricolore depuis 2017 (+57 %, \u00e0 117,5 % du PIB), les moyens de sortir de l\u2019orni\u00e8re ont ainsi \u00e9t\u00e9 largement discut\u00e9s. Du c\u00f4t\u00e9 de M\u00e9lenchon, on plaide pour <a href=\"https:\/\/www.lemonde.fr\/politique\/article\/2026\/08\/28\/l-annulation-de-la-dette-de-la-france-la-proposition-polemique-qui-place-jean-luc-melenchon-au-c-ur-des-debats-de-la-presidentielle_6758807_823448.html\">l\u2019effacement de la dette<\/a>; \u00e0 droite, on privil\u00e9gie l\u2019allongement de l\u2019\u00e2ge de d\u00e9part \u00e0 la retraite ou la r\u00e9duction du p\u00e9rim\u00e8tre d\u2019intervention de l\u2019\u00c9tat.<\/span><\/p>\r\n<p style=\"line-height: 1.5;\">\u00a0<\/p>\r\n<p style=\"line-height: 1.5;\"><strong><span style=\"font-size: 18pt;\">Un air de d\u00e9j\u00e0-vu<\/span><\/strong><\/p>\r\n<p style=\"line-height: 1.5;\">\u00a0<\/p>\r\n<p style=\"line-height: 1.5;\"><span style=\"font-size: 14pt;\">Sur la forme, l\u2019exercice est rest\u00e9 respectueux, sans moment marquant. De fait, la pi\u00e8ce et ses com\u00e9diens sont connus des Fran\u00e7ais. Lors du pr\u00e9c\u00e9dent scrutin, tous les invit\u00e9s du MEDEF occupaient d\u00e9j\u00e0 le devant de la sc\u00e8ne politique fran\u00e7aise.<\/span><\/p>\r\n<p style=\"line-height: 1.5;\">\u00a0<\/p>\r\n<p style=\"line-height: 1.5;\"><span style=\"font-size: 14pt;\">De quoi jeter le doute sur les promesses de ceux qui, comme Gabriel Attal, assurent vouloir <a href=\"https:\/\/www.lejdd.fr\/sommaire\/entretien-exclusif-de-gabriel-attal-je-veux-renverser-la-table-180348\">\u00abrenverser la table\u00bb<\/a>, ou de leurs opposants, souvent rest\u00e9s timides devant les errements du macronisme.<\/span><\/p>\r\n<p style=\"line-height: 1.5;\">\u00a0<\/p>\r\n<blockquote>\r\n<p style=\"line-height: 1.5;\"><span style=\"font-size: 18pt;\">En France, on mus\u00e8le l\u2019opposition ou on l\u2019ach\u00e8te.<\/span><\/p>\r\n<\/blockquote>\r\n<p style=\"line-height: 1.5;\">\u00a0<\/p>\r\n<p style=\"line-height: 1.5;\"><span style=\"font-size: 14pt;\">Le pays apprendra-t-il de ses erreurs? Les premiers sondages laissent planer le doute. Fin ao\u00fbt, le <a href=\"https:\/\/www.ifopgroup.com\/article\/barometre-de-lelection-presidentielle-vague-5-2\/\">barom\u00e8tre Ifop-Fiducial<\/a> pour LCI, <em>Le Figaro<\/em> et Sud Radio donnait Marine Le Pen gagnante dans tous les cas de figure, d\u2019une courte t\u00eate.<\/span><\/p>\r\n<p style=\"line-height: 1.5;\">\u00a0<\/p>\r\n<p style=\"line-height: 1.5;\"><span style=\"font-size: 14pt;\">Face \u00e0 l\u2019ancien premier ministre \u00c9douard Philippe, elle l\u2019emporterait ainsi avec 52% des voix contre 48%, en baisse de deux points par rapport au sondage pr\u00e9c\u00e9dent. La victoire serait plus marqu\u00e9e contre Gabriel Attal (56% contre 44%), Jean-Luc M\u00e9lenchon (67% contre 33%) ou encore Bruno Retailleau (58% contre 42%).<\/span><\/p>\r\n<p style=\"line-height: 1.5; text-align: center;\">\u00a0<\/p>\r\n<p style=\"line-height: 1.5; text-align: center;\"><strong><span style=\"font-size: 18pt; font-family: verdana, geneva, sans-serif;\">\u00c0 lire aussi: <a href=\"..\/..\/..\/2026\/07\/09\/marine-le-pen-a-toujours-de-reelles-chances-de-devenir-presidente\">\u00abMarine Le Pen a toujours de r\u00e9elles chances de devenir pr\u00e9sidente\u00bb<\/a><\/span><\/strong><\/p>\r\n<p style=\"line-height: 1.5;\">\u00a0<\/p>\r\n<p style=\"line-height: 1.5;\"><span style=\"font-size: 14pt;\">Mais la condamnation r\u00e9cente de Marine Le Pen au\u00a0<a href=\"https:\/\/www.leclubdesjuristes.com\/justice\/marine-le-pen-condamnee-ce-quil-faut-savoir-sur-le-bracelet-electronique-16864\/\">bracelet \u00e9lectronique<\/a> durant la campagne, doubl\u00e9e de l\u2019amateurisme incurable du RN et de la multiplication des concessions accord\u00e9es au \u00absyst\u00e8me\u00bb, pourrait avoir raison du soutien de l\u2019\u00e9lectorat populaire et permettre, une fois encore, au bloc central de rafler la mise.<\/span><\/p>\r\n<p style=\"line-height: 1.5;\">\u00a0<\/p>\r\n<p style=\"line-height: 1.5;\"><span style=\"font-size: 14pt;\">En juillet, la presse se faisait ainsi l\u2019\u00e9cho de l\u2019aide apport\u00e9e par le premier ministre S\u00e9bastien Lecornu au parti lep\u00e9niste pour <a href=\"https:\/\/www.radiofrance.fr\/franceculture\/podcasts\/questions-du-soir-le-debat\/campagne-electorale-du-rn-l-etat-doit-il-garantir-son-financement-8275213\">financer sa campagne<\/a>. Quelques heures plus tard, le Rassemblement national permettait l\u2019adoption du projet de loi controvers\u00e9 <a href=\"https:\/\/www.humanite.fr\/politique\/extreme-droite\/controle-des-reseaux-sociaux-le-rassemblement-national-fache-sa-fachosphere\">sur les r\u00e9seaux sociaux<\/a>\u2026<\/span><\/p>\r\n<p style=\"line-height: 1.5;\">\u00a0<\/p>\r\n<p><span style=\"font-size: 18pt;\"><strong>L\u2019appareil d\u2019\u00c9tat verrouill\u00e9<\/strong><\/span><\/p>\r\n<p>\u00a0<\/p>\r\n<p style=\"line-height: 1.5;\"><span style=\"font-size: 14pt;\">En France, on mus\u00e8le l\u2019opposition ou on l\u2019ach\u00e8te. Cela fait d\u2019ailleurs des mois que le pouvoir s\u2019est mis en branle pour \u00abs\u00e9curiser\u00bb la transition. Comprendre: \u00e9viter tout regard r\u00e9trospectif sur dix ans de politique orwellienne et tuer dans l\u2019\u0153uf le changement attendu par des millions de Fran\u00e7ais.<\/span><\/p>\r\n<p style=\"line-height: 1.5;\">\u00a0<\/p>\r\n<p style=\"line-height: 1.5;\"><span style=\"font-size: 14pt;\">Ainsi, les lignes rouges ont \u00e9t\u00e9 trac\u00e9es avant m\u00eame la ligne de d\u00e9part et l\u2019appareil d\u2019\u00c9tat\u00a0<a href=\"https:\/\/www.mediapart.fr\/journal\/politique\/210526\/tractations-copinages-macron-nomme-des-proches-pour-verrouiller-l-appareil-d-etat\">m\u00e9thodiquement verrouill\u00e9<\/a>, du Conseil constitutionnel \u00e0 la Cour des comptes, en passant par plusieurs postes cl\u00e9s et inamovibles de l\u2019administration.<\/span><\/p>\r\n<p style=\"line-height: 1.5;\">\u00a0<\/p>\r\n<p style=\"line-height: 1.5;\"><span style=\"font-size: 14pt;\">\u00c0 l\u2019automne, le Parlement fran\u00e7ais devrait \u00e9galement adopter une loi contre les\u00a0<a href=\"https:\/\/www.assemblee-nationale.fr\/dyn\/17\/dossiers\/DLR5L17N54703\">ing\u00e9rences \u00e9trang\u00e8res<\/a>, que ses d\u00e9tracteurs d\u00e9noncent comme un moyen d\u00e9tourn\u00e9 de censurer ou d\u2019intimider toute opposition.<\/span><\/p>\r\n<p style=\"line-height: 1.5;\">\u00a0<\/p>\r\n<p style=\"line-height: 1.5;\"><span style=\"font-size: 14pt;\">Cibles d\u2019attaques sur les r\u00e9seaux sociaux, \u00c9douard Philippe, Rapha\u00ebl Glucksmann et Gabriel Attal ont d\u00e9j\u00e0 pu compter sur le soutien de\u00a0<a href=\"https:\/\/lcp.fr\/actualites\/presidentielle-2027-et-ingerences-russes-gabriel-attal-de-nouveau-cible-par-des\">Viginum<\/a>, organisme d\u2019\u00c9tat charg\u00e9 d\u2019identifier les manipulations provenant de pays hostiles.<\/span><\/p>\r\n<p style=\"line-height: 1.5;\">\u00a0<\/p>\r\n<p style=\"line-height: 1.5;\"><span style=\"font-size: 14pt;\">Officiellement, ces d\u00e9stabilisations auraient donc \u00e9t\u00e9 orchestr\u00e9es par la Russie. Rappelons qu\u2019en d\u00e9cembre 2024, le premier tour du <a href=\"https:\/\/fr.wikipedia.org\/wiki\/%C3%89lection_pr%C3%A9sidentielle_roumaine_de_2024\">scrutin pr\u00e9sidentiel roumain<\/a> avait \u00e9t\u00e9 annul\u00e9 en raison de l\u2019activisme de quelques comptes sur X suppos\u00e9ment li\u00e9s au Kremlin.<\/span><\/p>\r\n<p style=\"line-height: 1.5;\">\u00a0<\/p>\r\n<p style=\"line-height: 1.5;\"><span style=\"font-size: 18pt;\"><strong>Le syst\u00e8me ou M\u00e9lenchon?<\/strong><\/span><\/p>\r\n<p style=\"line-height: 1.5;\">\u00a0<\/p>\r\n<p style=\"line-height: 1.5;\"><span style=\"font-size: 14pt;\">De fait, ce dernier pourrait bien vouloir saisir l\u2019occasion de l\u2019\u00e9lection pr\u00e9sidentielle fran\u00e7aise pour r\u00e9gler ses comptes et avancer ses pions. C\u2019est donc dans un esprit de suspicion et d\u2019extr\u00eame prudence que la vraie-fausse bataille s\u2019engage.<\/span><\/p>\r\n<p style=\"line-height: 1.5;\">\u00a0<\/p>\r\n<p style=\"line-height: 1.5; text-align: center;\"><strong><span style=\"font-size: 18pt; font-family: verdana, geneva, sans-serif;\">\u00c0 lire aussi: <a href=\"..\/..\/..\/2026\/08\/17\/en-france-aussi-une-partie-des-gens-est-allergique-aux-enfants\">En France aussi, \u00abune partie des gens est allergique aux enfants\u00bb<\/a><\/span><\/strong><\/p>\r\n<p style=\"line-height: 1.5;\">\u00a0<\/p>\r\n<p style=\"line-height: 1.5;\"><span style=\"font-size: 14pt;\">Entre revenants et opposants de carton-p\u00e2te, les prochains mois devraient en r\u00e9alit\u00e9 \u00eatre plac\u00e9s sous le signe du \u00abtout changer pour que rien ne change\u00bb. Jean-Luc M\u00e9lenchon et sa \u00abNouvelle France\u00bb woke, anticl\u00e9ricale et collectiviste pourraient jouer les seuls authentiques trouble-f\u00eate, avec le risque qu\u2019on imagine de les voir capter, par d\u00e9faut, le grand contingent des voix contestataires.<\/span><\/p>\r\n<p style=\"line-height: 1.5;\">\u00a0<\/p>\r\n<p style=\"line-height: 1.5;\"><span style=\"font-size: 14pt;\">Ces derni\u00e8res semaines, le <em>l\u00edder m\u00e1ximo<\/em> de La France insoumise a d\u2019ailleurs marqu\u00e9 de pr\u00e9cieux points dans les <a href=\"https:\/\/www.20minutes.fr\/politique\/4241187-20260827-presidentielle-2027-dynamique-melenchon-\">enqu\u00eates d\u2019opinion<\/a>.<\/span><\/p>\r\n<p style=\"line-height: 1.5;\">\u00a0<\/p>","photo_path":"hRpSKBXVQ7Et3gAznXmZZzCqSxixJQUMN0tMOu9E.webp","photo_width":1200,"photo_height":800,"photo_meta":{"v":1,"width":1200,"height":800,"variants":[{"key":"variants\/hRpSKBXVQ7Et3gAznXmZZzCqSxixJQUMN0tMOu9E-400.webp","width":400},{"key":"variants\/hRpSKBXVQ7Et3gAznXmZZzCqSxixJQUMN0tMOu9E-800.webp","width":800},{"key":"variants\/hRpSKBXVQ7Et3gAznXmZZzCqSxixJQUMN0tMOu9E-1200.webp","width":1200}]},"photo_subtitle":"Bruno Retailleau, Rapha\u00ebl Glucksmann, Marine Le Pen, \u00c9douard Philippe, Jean-Luc M\u00e9lenchon, Marine Tondelier et Gabriel Attal d\u00e9battent devant le MEDEF, \u00e0 Paris, le 27 ao\u00fbt 2026. Photo: Thomas SAMSON pour l\u2019AFP.","youtube_embed_video_url":null,"thumbnail_path":null,"views_count":546,"exclusive":1,"published_at":"2026-08-28T15:30:50.000000Z","featured_until":"2026-08-29T15:32:52.000000Z","intro_audio_url":null,"full_audio_url":"https:\/\/lm-audio.tor1.digitaloceanspaces.com\/lm-audio\/audios\/article_2694_dictation.mp3","audio_last_generated_at":"2026-08-28T15:47:44.000000Z","created_at":"2026-08-28T15:36:08.000000Z","updated_at":"2026-08-30T20:45:43.000000Z","category_id":3,"send_push_notif":1,"push_notif_sent":"2026-08-28T15:38:55.000000Z","link":"https:\/\/libre-media.com\/2026\/08\/28\/presidentielle-en-france-la-droite-face-au-verrou-du-statu-quo","photo_link":"https:\/\/lm-articles.nyc3.cdn.digitaloceanspaces.com\/hRpSKBXVQ7Et3gAznXmZZzCqSxixJQUMN0tMOu9E.webp","photo":{"fallback_url":"https:\/\/lm-articles.nyc3.cdn.digitaloceanspaces.com\/hRpSKBXVQ7Et3gAznXmZZzCqSxixJQUMN0tMOu9E.webp","width":1200,"height":800,"variants":[{"width":400,"url":"https:\/\/lm-articles.nyc3.cdn.digitaloceanspaces.com\/variants\/hRpSKBXVQ7Et3gAznXmZZzCqSxixJQUMN0tMOu9E-400.webp"},{"width":800,"url":"https:\/\/lm-articles.nyc3.cdn.digitaloceanspaces.com\/variants\/hRpSKBXVQ7Et3gAznXmZZzCqSxixJQUMN0tMOu9E-800.webp"},{"width":1200,"url":"https:\/\/lm-articles.nyc3.cdn.digitaloceanspaces.com\/variants\/hRpSKBXVQ7Et3gAznXmZZzCqSxixJQUMN0tMOu9E-1200.webp"}]},"published_at_formatted":"Vendredi le 28 ao\u00fbt 2026, \u00e0 11:30","excerpts":"<p style=\"line-height: 1.5;\"><span style=\"font-size: 18pt;\">La pr\u00e9sidentielle fran\u00e7aise de 2027 s\u2019engage sous le contr\u00f4le des forces du <em>statu quo,<\/em> qui verrouillent le jeu politique et rendent tr\u00e8s difficile l\u2019arriv\u00e9e au pouvoir...","category":{"id":3,"name":"Monde","slug":"monde","banner_photo":"fRRRkvjJLFdlW30gEtaOUHrXB7HxhyttrIZpi3JH.jpg","order":3,"color":"#fa636d","_lft":9,"_rgt":10,"parent_id":null,"created_at":null,"updated_at":"2022-05-09T05:23:04.000000Z","color_code":"fa636d","banner_link":"https:\/\/lm-articles.nyc3.cdn.digitaloceanspaces.com\/fRRRkvjJLFdlW30gEtaOUHrXB7HxhyttrIZpi3JH.jpg"},"tags":[{"id":20,"name":{"fr":"France"},"slug":{"fr":"france"},"type":null,"order_column":20,"created_at":"2023-09-11T23:05:06.000000Z","updated_at":"2023-09-11T23:05:06.000000Z","pivot":{"taggable_type":"App\\Models\\Article","taggable_id":2694,"tag_id":20}},{"id":57,"name":{"fr":"gauche"},"slug":{"fr":"gauche"},"type":null,"order_column":57,"created_at":"2023-10-09T19:03:36.000000Z","updated_at":"2023-10-09T19:03:36.000000Z","pivot":{"taggable_type":"App\\Models\\Article","taggable_id":2694,"tag_id":57}},{"id":111,"name":{"fr":"m\u00e9dias"},"slug":{"fr":"medias"},"type":null,"order_column":111,"created_at":"2023-12-21T16:38:20.000000Z","updated_at":"2023-12-21T16:38:20.000000Z","pivot":{"taggable_type":"App\\Models\\Article","taggable_id":2694,"tag_id":111}},{"id":134,"name":{"fr":"Europe"},"slug":{"fr":"europe"},"type":null,"order_column":133,"created_at":"2024-01-31T15:27:15.000000Z","updated_at":"2024-01-31T15:27:15.000000Z","pivot":{"taggable_type":"App\\Models\\Article","taggable_id":2694,"tag_id":134}},{"id":167,"name":{"fr":"\u00c9lections"},"slug":{"fr":"elections"},"type":null,"order_column":164,"created_at":"2024-03-07T16:54:22.000000Z","updated_at":"2024-03-07T16:54:22.000000Z","pivot":{"taggable_type":"App\\Models\\Article","taggable_id":2694,"tag_id":167}},{"id":216,"name":{"fr":"droite"},"slug":{"fr":"droite"},"type":null,"order_column":213,"created_at":"2024-06-17T14:42:41.000000Z","updated_at":"2024-06-17T14:42:41.000000Z","pivot":{"taggable_type":"App\\Models\\Article","taggable_id":2694,"tag_id":216}}]}]